{"id":2215,"date":"2018-10-09T16:15:01","date_gmt":"2018-10-09T16:15:01","guid":{"rendered":"http:\/\/gunnarkrantz.se\/?p=2215"},"modified":"2020-10-08T21:31:02","modified_gmt":"2020-10-08T21:31:02","slug":"30-ar-i-malmo","status":"publish","type":"post","link":"https:\/\/gunnarkrantz.se\/?p=2215","title":{"rendered":"30 \u00e5r i Malm\u00f6"},"content":{"rendered":"<p>I \u00e5r \u00e4r det 30 \u00e5r sedan jag flyttade fr\u00e5n Stockholm till Malm\u00f6. En flytt som finns skildrad i boken <em>St\u00f6rsta M\u00f6jliga Allvar<\/em> (Optimal 2011). F\u00f6r att fira denna tilldragelse publicerar jag h\u00e4r ett n\u00e5got f\u00f6rkortat utdrag och n\u00e5gra &nbsp;svartvita fotografier (plus ett bonusfoto) fr\u00e5n den boken. Fr\u00e5n en tid d\u00e5 Malm\u00f6 fortfarande var gr\u00e5tt som betong.<\/p>\n<figure id=\"attachment_2219\"><a href=\"http:\/\/gunnarkrantz.se\/wp-content\/uploads\/2018\/10\/mollan.jpg\"><img loading=\"lazy\" decoding=\"async\" class=\"wp-image-2219\" src=\"http:\/\/gunnarkrantz.se\/wp-content\/uploads\/2018\/10\/mollan-300x194.jpg\" alt=\"\" width=\"800\" height=\"518\" srcset=\"https:\/\/gunnarkrantz.se\/wp-content\/uploads\/2018\/10\/mollan-300x194.jpg 300w, https:\/\/gunnarkrantz.se\/wp-content\/uploads\/2018\/10\/mollan-768x497.jpg 768w, https:\/\/gunnarkrantz.se\/wp-content\/uploads\/2018\/10\/mollan-1024x663.jpg 1024w, https:\/\/gunnarkrantz.se\/wp-content\/uploads\/2018\/10\/mollan.jpg 1772w\" sizes=\"auto, (max-width: 800px) 100vw, 800px\" \/><\/a> M\u00f6llev\u00e5ngstorget 1988<\/figure>\n<p><strong>MALM\u00d6 1988<\/strong><br \/>\n<span style=\"font-size: 1rem;\">P\u00e5 v\u00e4g hem fr\u00e5n Berlin stannade jag till i Malm\u00f6. &nbsp;Maria, som jag l\u00e4rt k\u00e4nna p\u00e5 Konstskolan i Kristianstad, extrakn\u00e4ckte som v\u00e5ffelbagare i Folkets Park. Jag \u00e5t en v\u00e5ffla och gick sedan runt och tittade p\u00e5 den risiga parken.<\/span><\/p>\n<p>P\u00e5 kv\u00e4llen gick vi ut f\u00f6r att ta en \u00f6l. Det fanns tv\u00e5 st\u00e4llen runt M\u00f6llev\u00e5ngstorget som h\u00f6ll \u00f6ppet n\u00e5gon timme efter kl 22.00. Det ena hette <em>Retro<\/em>. D\u00e4rinne samlades kulturm\u00e4nniskorna. Det andra hette <em>Orient<\/em> och var en r\u00e5barkad sj\u00f6manskrog. Vi b\u00f6rjade p\u00e5 <em>Retro<\/em> och gick sedan till <em>Orient<\/em>. D\u00e4r blev det snart slagsm\u00e5l. En man kastade ett bord fullt av \u00f6lglas \u00f6ver \u00e4nda, blev sj\u00e4lv utsl\u00e4ngd och fortsatte sedan att sl\u00e5ss utanf\u00f6r p\u00e5 gatan. Det var som att vara med i en film.<\/p>\n<p>Runt M\u00f6llev\u00e5ngen fanns slitna arbetarkvarter med billiga l\u00e4genheter. Ska du inte flytta hit, undrade Maria, som k\u00e4nde till min bostadssituation i Stockholm. N\u00e4, tyckte jag. Att efter fem \u00e5r i huvudstaden ha tillk\u00e4mpat sig ynnesten att f\u00e5 bo i smyg p\u00e5 ett kontor, redigera Spindelmannenklubben \u00e5t MarvelChristian och st\u00e5 i k\u00f6 f\u00f6r att f\u00e5 k\u00f6pa en \u00f6l. Ge upp allt det?<\/p>\n<figure id=\"attachment_2221\"><a href=\"http:\/\/gunnarkrantz.se\/wp-content\/uploads\/2018\/10\/domus.jpg\"><img loading=\"lazy\" decoding=\"async\" class=\"wp-image-2221\" src=\"http:\/\/gunnarkrantz.se\/wp-content\/uploads\/2018\/10\/domus-300x190.jpg\" alt=\"\" width=\"800\" height=\"506\" srcset=\"https:\/\/gunnarkrantz.se\/wp-content\/uploads\/2018\/10\/domus-300x190.jpg 300w, https:\/\/gunnarkrantz.se\/wp-content\/uploads\/2018\/10\/domus-768x486.jpg 768w, https:\/\/gunnarkrantz.se\/wp-content\/uploads\/2018\/10\/domus-1024x648.jpg 1024w, https:\/\/gunnarkrantz.se\/wp-content\/uploads\/2018\/10\/domus.jpg 1772w\" sizes=\"auto, (max-width: 800px) 100vw, 800px\" \/><\/a> Domusvaruhuset p\u00e5 S\u00f6dra F\u00f6rstadsgatan innan det byggdes om till Triangeln<\/figure>\n<p>Min bror David bodde ocks\u00e5 i Malm\u00f6. Han gick p\u00e5 Forum, en konstskola som l\u00e5g l\u00e5ngt f\u00f6re b\u00e5de Mejan och Valand i jakten p\u00e5 den nya konsten. Postmodernism kallades det. I en gammal turbinhall visade en konstsamlande miljon\u00e4r den nya konsten fr\u00e5n New York och p\u00e5 gallerierna visades de trendigaste stockholmskonstn\u00e4rerna. Min brorsa k\u00e4nde n\u00e5gon som hade en ledig etta. Ville jag ha den?<\/p>\n<p>Det var allts\u00e5 inte n\u00e5gon m\u00f6llanvurm som gjorde att jag flyttade till Malm\u00f6. N\u00e5gra m\u00f6llankramare fanns inte i slutet p\u00e5 80-talet. Det var en praktisk l\u00f6sning p\u00e5 mina bostadsproblem. Planen var att bo i Malm\u00f6 \u00f6ver vinterhalv\u00e5ret, jobba ihop s\u00e5 mycket pengar som m\u00f6jligt och sedan bo billigt i sk\u00e4rg\u00e5rden under sommaren.<\/p>\n<p>Jag gick till arbetsf\u00f6rmedlingen och s\u00f6kte jobb. N\u00e5got det p\u00e5 den tiden fanns gott om. Jag jobbade i olika omg\u00e5ngar som st\u00e4dare, tidningsbud, postsorterare, lagerarbetare och p\u00e5 fabrik. Mina kompisar i Stockholm trodde jag var galen n\u00e4r jag ber\u00e4ttade mina planer. Malm\u00f6! Sveriges tr\u00e5kigaste stad. Det enda som var bra med Malm\u00f6, var att det l\u00e5g n\u00e4ra K\u00f6penhamn. Det var ju i Stockholm allt h\u00e4nde! Ja, s\u00e5 kanske det var. Men i Malm\u00f6 var hyrorna och maten billig. Dessutom var stan alldeles lagom stor. Varje g\u00e5ng jag gick ut tr\u00e4ffade jag n\u00e5gon jag k\u00e4nde. Inte som i Stockholm, d\u00e4r man var tvungen att avtala m\u00f6te per telefon. Ja och s\u00e5 var det ju n\u00e4ra till K\u00f6penhamn d\u00e4r allt var \u00e4nnu billigare p g a den starka svenska kronan. K\u00f6penhamn, en kontinental storstad med ett helt annat utbud \u00e4n lilla Stockholm. Men allt det h\u00e4r uppt\u00e4ckte jag efterhand. Till en b\u00f6rjan var mitt fokus helt p\u00e5 att jobba ihop pengar.<\/p>\n<figure id=\"attachment_2220\"><a href=\"http:\/\/gunnarkrantz.se\/wp-content\/uploads\/2018\/10\/saxtorp.jpg\"><img loading=\"lazy\" decoding=\"async\" class=\"wp-image-2220\" src=\"http:\/\/gunnarkrantz.se\/wp-content\/uploads\/2018\/10\/saxtorp-300x194.jpg\" alt=\"\" width=\"800\" height=\"517\" srcset=\"https:\/\/gunnarkrantz.se\/wp-content\/uploads\/2018\/10\/saxtorp-300x194.jpg 300w, https:\/\/gunnarkrantz.se\/wp-content\/uploads\/2018\/10\/saxtorp-768x497.jpg 768w, https:\/\/gunnarkrantz.se\/wp-content\/uploads\/2018\/10\/saxtorp-1024x662.jpg 1024w, https:\/\/gunnarkrantz.se\/wp-content\/uploads\/2018\/10\/saxtorp.jpg 1772w\" sizes=\"auto, (max-width: 800px) 100vw, 800px\" \/><\/a> Saxtorps potatis p\u00e5 Ystadgatan<\/figure>\n<p>Arbetsdagen b\u00f6rjade kl tre p\u00e5 natten. D\u00e5 gick jag p\u00e5 mitt skift som tidningsb\u00e4rare. N\u00e4r detta var avklarat kring 6-sn\u00e5ret, \u00e5kte jag ut till Presam, nere i hamnen och st\u00e4llde mig vid l\u00f6pande bandet och sorterade tidningar. Vi distribuerade tidningar till s\u00f6dra Sverige, \u00e4nda upp till V\u00e4xj\u00f6. Allt som gick ut i pressbyr\u00e5n och matvarubutikerna. Det jobbet gjorde att jag fick en fysisk f\u00f6rst\u00e5else f\u00f6r tidningsmarknaden och dess olika m\u00e5lgrupper. Veckotidningar som <em>\u00c5ret Runt<\/em> och <em>Allers<\/em>, sorterades buntvis fr\u00e5n pallar p\u00e5 golvet. Publikationer med l\u00e4gre upplaga plockades fr\u00e5n fack. De minsta tidningarna l\u00e5g allra sist, bredvid l\u00f6psedlarna. Det var annonsblad f\u00f6r traktorer, religi\u00f6sa blad och n\u00e5gon enstaka g\u00e5ng <em>Pox<\/em> eller <em>Elixir<\/em>. De enda serietidningar som sorterades pallvis var <em>Fantomen<\/em> och <em>Kalle Anka.<\/em><\/p>\n<p>Till en b\u00f6rjan var jag ganska ensam om att vara serietecknare i Malm\u00f6. Den enda folk k\u00e4nde till var Tony Manieri. Han tecknade \u201dSt\u00e5kk\u00e5lms-Ringo\u201d i <em>Kv\u00e4llsposten<\/em>. &nbsp;Jag fick en fast sida i gratistidningen <em>Reflektion<\/em>. Jag startade med en ganska konventionell humorserie, men efterhand gav redaktionen mig fria h\u00e4nder att g\u00f6ra vad jag ville. Jag b\u00f6rjade experimenterade b\u00e5de med inneh\u00e5ll och form. Humor, satir, lokalanknutet. S\u00e4rskilt det lokala uppskattades. Malm\u00f6 var en vit fl\u00e4ck p\u00e5 seriekartan. Efter en h\u00e4ndelsel\u00f6s resa till K\u00f6penhamn vintern 1989, fick jag id\u00e9n att skildra denna ing\u00e5ende p\u00e5 en helsida i tidningen. Men ist\u00e4llet f\u00f6r 20 sm\u00e5 rutor, blev det 20 sidor.<\/p>\n<figure id=\"attachment_2218\"><a href=\"http:\/\/gunnarkrantz.se\/wp-content\/uploads\/2018\/10\/triangeln.jpg\"><img loading=\"lazy\" decoding=\"async\" class=\"wp-image-2218\" src=\"http:\/\/gunnarkrantz.se\/wp-content\/uploads\/2018\/10\/triangeln-300x196.jpg\" alt=\"\" width=\"800\" height=\"522\" srcset=\"https:\/\/gunnarkrantz.se\/wp-content\/uploads\/2018\/10\/triangeln-300x196.jpg 300w, https:\/\/gunnarkrantz.se\/wp-content\/uploads\/2018\/10\/triangeln-768x501.jpg 768w, https:\/\/gunnarkrantz.se\/wp-content\/uploads\/2018\/10\/triangeln-1024x669.jpg 1024w, https:\/\/gunnarkrantz.se\/wp-content\/uploads\/2018\/10\/triangeln.jpg 1181w\" sizes=\"auto, (max-width: 800px) 100vw, 800px\" \/><\/a> Idoffhuset vid Triangeln<\/figure>\n<p>Det var alldeles f\u00f6r m\u00e5nga sidor f\u00f6r <em>Reflektion<\/em> och f\u00f6r f\u00e5 sidor f\u00f6r att g\u00f6ra bok av. Jag skickade k\u00f6penhamnsserien till Horst. Han ville inte ha den. Den var f\u00f6r l\u00e5ng, tyckte han. F\u00f6r inneh\u00e5llsl\u00f6s. F\u00f6r tr\u00e5kig. Ja, jag minns inte allt vad han sa. Sj\u00e4lvupptaget sj\u00e4lvbespeglande i sj\u00e4lvbiografisk form var inte t\u00e4nkbart i slutet p\u00e5 80-talet, s\u00e5vida man inte samtidigt hade en politisk agenda, eller proppade serien full med nakna br\u00f6st. Allt annat var sm\u00e5borgerligt petande&nbsp;i den egna navelluddet &#8211; ungef\u00e4r. Vem trodde jag att jag var egentligen? Robert Crumb?<\/p>\n<p>Vill du l\u00e4sa resten av boken g\u00e5r det bra att best\u00e4lla den fr\u00e5n <a href=\"http:\/\/www.seriekonst.se\/?page_id=713\">seriekonst.se<\/a><\/p>\n","protected":false},"excerpt":{"rendered":"<p>I \u00e5r \u00e4r det 30 \u00e5r sedan jag flyttade fr\u00e5n Stockholm till Malm\u00f6. En flytt som finns skildrad i boken St\u00f6rsta M\u00f6jliga Allvar (Optimal 2011). F\u00f6r att fira denna tilldragelse publicerar jag h\u00e4r ett n\u00e5got f\u00f6rkortat utdrag och n\u00e5gra &nbsp;svartvita fotografier (plus ett bonusfoto) fr\u00e5n den boken. Fr\u00e5n en tid d\u00e5 Malm\u00f6 fortfarande var gr\u00e5tt [&hellip;]<\/p>\n","protected":false},"author":1,"featured_media":0,"comment_status":"closed","ping_status":"closed","sticky":false,"template":"","format":"standard","meta":{"footnotes":""},"categories":[2,7],"tags":[],"class_list":["post-2215","post","type-post","status-publish","format-standard","hentry","category-blogg","category-seriestaden-malmo"],"_links":{"self":[{"href":"https:\/\/gunnarkrantz.se\/index.php?rest_route=\/wp\/v2\/posts\/2215","targetHints":{"allow":["GET"]}}],"collection":[{"href":"https:\/\/gunnarkrantz.se\/index.php?rest_route=\/wp\/v2\/posts"}],"about":[{"href":"https:\/\/gunnarkrantz.se\/index.php?rest_route=\/wp\/v2\/types\/post"}],"author":[{"embeddable":true,"href":"https:\/\/gunnarkrantz.se\/index.php?rest_route=\/wp\/v2\/users\/1"}],"replies":[{"embeddable":true,"href":"https:\/\/gunnarkrantz.se\/index.php?rest_route=%2Fwp%2Fv2%2Fcomments&post=2215"}],"version-history":[{"count":15,"href":"https:\/\/gunnarkrantz.se\/index.php?rest_route=\/wp\/v2\/posts\/2215\/revisions"}],"predecessor-version":[{"id":2683,"href":"https:\/\/gunnarkrantz.se\/index.php?rest_route=\/wp\/v2\/posts\/2215\/revisions\/2683"}],"wp:attachment":[{"href":"https:\/\/gunnarkrantz.se\/index.php?rest_route=%2Fwp%2Fv2%2Fmedia&parent=2215"}],"wp:term":[{"taxonomy":"category","embeddable":true,"href":"https:\/\/gunnarkrantz.se\/index.php?rest_route=%2Fwp%2Fv2%2Fcategories&post=2215"},{"taxonomy":"post_tag","embeddable":true,"href":"https:\/\/gunnarkrantz.se\/index.php?rest_route=%2Fwp%2Fv2%2Ftags&post=2215"}],"curies":[{"name":"wp","href":"https:\/\/api.w.org\/{rel}","templated":true}]}}