{"id":2543,"date":"2019-07-02T14:30:45","date_gmt":"2019-07-02T14:30:45","guid":{"rendered":"http:\/\/gunnarkrantz.se\/?p=2543"},"modified":"2020-10-08T21:29:35","modified_gmt":"2020-10-08T21:29:35","slug":"det-hande-i-skillinge","status":"publish","type":"post","link":"https:\/\/gunnarkrantz.se\/?p=2543","title":{"rendered":"Det h\u00e4nder i Skillinge &#8211; h\u00e4r och nu!"},"content":{"rendered":"\n<p><\/p>\n\n\n\n<p>T\u00e4nk om det fanns en tidsmaskin, som gjorde det m\u00f6jligt att f\u00e5 vara med om den kreativa milj\u00f6n i Andy Warhols aluminiumfolie-dekorerade&nbsp;atelj\u00e9, eller f\u00e5 vara en av de f\u00f6rsta som fick se och h\u00f6ra band som <em>Ramones, Blo<\/em>ndie och <em>Talking Heads<\/em> p\u00e5 <em>CBGB&#8217;s<\/em> i New York. De som var med uppfattade kanske inte de historiska vingslagen. Men i efterhand st\u00e5r det klart att det var d\u00e4r det h\u00e4nde. Just d\u00e4r och d\u00e5!<\/p>\n\n\n\n<p>En s\u00e5dan upplevelse hade jag f\u00f6rra veckan p\u00e5 <em>Skillinge Seriefestival<\/em>, arrangerad av Rolf Classon, som egentligen just g\u00e5tt i pension, men nu \u00e5terkommit b\u00e5de som festivalgeneral och f\u00f6rl\u00e4ggare p\u00e5 Kartago\/Cobolt.&nbsp;&nbsp;<\/p>\n\n\n\n<figure class=\"wp-block-image\"><img loading=\"lazy\" decoding=\"async\" width=\"591\" height=\"433\" src=\"http:\/\/gunnarkrantz.se\/wp-content\/uploads\/2019\/07\/skillingeserie_19.jpg\" alt=\"\" class=\"wp-image-2541\" srcset=\"https:\/\/gunnarkrantz.se\/wp-content\/uploads\/2019\/07\/skillingeserie_19.jpg 591w, https:\/\/gunnarkrantz.se\/wp-content\/uploads\/2019\/07\/skillingeserie_19-300x220.jpg 300w\" sizes=\"auto, (max-width: 591px) 100vw, 591px\" \/><figcaption>Max Anderssons figurer g\u00f6mmer sig bakom buskaget<\/figcaption><\/figure>\n\n\n\n<p>I en avslappnad och trivsam milj\u00f6 p\u00e5 <em>Skillinge Teater<\/em> i det lilla fiskel\u00e4get samlades under tv\u00e5 dagar serietecknare, f\u00f6rl\u00e4ggare, redakt\u00f6rer, \u00f6vers\u00e4ttare, kritiker, journalister, seriefans m m och interagerade med den serieintresserade publiken och skapade med hj\u00e4lp av serieutst\u00e4llning, bokm\u00e4ssa, f\u00f6redrag, panelsamtal och workshops vad jag skulle vilja kalla en slags kollektiv f\u00f6rest\u00e4llning \u2013 eller happening,  om den svenska seriekulturen.  Fr\u00e5n 50-talet och fram till och med idag.&nbsp;<\/p>\n\n\n\n<p>Att p\u00e5 en s\u00e5 idyllisk plats och under s\u00e5 trevliga former f\u00e5 m\u00f6jlighet att m\u00f6ta s\u00e5 m\u00e5nga framst\u00e5ende serieskapare, att f\u00e5 ta del av inte bara deras serier utan ocks\u00e5 deras tankar och visioner (och oanade talanger &#8211; som t ex Joakim Pirinens makal\u00f6sa framtr\u00e4dande som Evert Taube)  \u00e4r f\u00f6rst\u00e5s fullst\u00e4ndigt unikt och n\u00e5got som bara h\u00e4nder just h\u00e4r \u2013 och nu!<\/p>\n\n\n\n<p>Den svenska seriekulturen \u00e4r relativt sett mycket ung. Fr\u00e5n  50-talets serietidningar till dagens grafiska romaner har det inte g\u00e5tt stort mer \u00e4n 70 \u00e5r. Det finns de som upplevt allt detta och som fortfarande \u00e4r aktiva (Jan L\u00f6\u00f6f t ex). Samtidigt sker en tillstr\u00f6mning till f\u00e4ltet i en omfattning, som \u00e5tminstone jag bara kunnat dr\u00f6mma om. Nya sammanhang, uttryck och f\u00f6rm\u00e5gor stiger fram och tar sin sj\u00e4lvklara plats. Ocks\u00e5 det blir tydligt i Skillinge, med serieskapare som bland andra Moa Romanova, Freja Erix\u00e5n, My Palm och Agnes Jakobsson.<\/p>\n\n\n\n<figure class=\"wp-block-image\"><img loading=\"lazy\" decoding=\"async\" width=\"700\" height=\"525\" src=\"http:\/\/gunnarkrantz.se\/wp-content\/uploads\/2019\/07\/knut_l-700x525.jpg\" alt=\"\" class=\"wp-image-2542\" srcset=\"https:\/\/gunnarkrantz.se\/wp-content\/uploads\/2019\/07\/knut_l-700x525.jpg 700w, https:\/\/gunnarkrantz.se\/wp-content\/uploads\/2019\/07\/knut_l-300x225.jpg 300w, https:\/\/gunnarkrantz.se\/wp-content\/uploads\/2019\/07\/knut_l-768x576.jpg 768w, https:\/\/gunnarkrantz.se\/wp-content\/uploads\/2019\/07\/knut_l.jpg 886w\" sizes=\"auto, (max-width: 700px) 100vw, 700px\" \/><figcaption>Knut Larsson signerar  rymdeposet Aniara<\/figcaption><\/figure>\n\n\n\n<p>Efter att ha l\u00e4st Gabriela Hinchcliffe Voglios doktorsavhandling \u201dJaget, laget, Dotterbolaget &#8211; En studie av feministiskt n\u00e4tverkande och rummets betydelse\u201d (2019) och Lars Nilssons masteruppsats \u201dMed en schysst Seriestad kan man sl\u00e5 hela v\u00e4rlden med h\u00e4pnad \u2013 om Seriestaden Malm\u00f6, dessa akt\u00f6rer och serien\u00e4tverk\u201d (2017) inser jag att det inom seriekulturen i Sverige idag finns l\u00e5ngt st\u00f6rre krafter i r\u00f6relse \u00e4n vad som g\u00e5r att f\u00f6rest\u00e4lla sig och att det vi kommer att f\u00e5 se fram\u00f6ver f\u00f6rmodligen kommer att \u00f6vertr\u00e4ffa alla v\u00e5ra f\u00f6rv\u00e4ntningar.<\/p>\n\n\n\n<figure class=\"wp-block-image\"><img loading=\"lazy\" decoding=\"async\" width=\"700\" height=\"481\" src=\"http:\/\/gunnarkrantz.se\/wp-content\/uploads\/2019\/07\/mats-kallblad-700x481.jpg\" alt=\"\" class=\"wp-image-2579\" srcset=\"https:\/\/gunnarkrantz.se\/wp-content\/uploads\/2019\/07\/mats-kallblad-700x481.jpg 700w, https:\/\/gunnarkrantz.se\/wp-content\/uploads\/2019\/07\/mats-kallblad-300x206.jpg 300w, https:\/\/gunnarkrantz.se\/wp-content\/uploads\/2019\/07\/mats-kallblad-768x528.jpg 768w, https:\/\/gunnarkrantz.se\/wp-content\/uploads\/2019\/07\/mats-kallblad.jpg 886w\" sizes=\"auto, (max-width: 700px) 100vw, 700px\" \/><figcaption>Mats K\u00e4llblad framf\u00f6r Loshult Linemans &#8220;We Can&#8217;t Keep Him&#8221; <\/figcaption><\/figure>\n\n\n\n<p>En som redan \u00f6vertr\u00e4ffat sig sj\u00e4lv \u00e4r festivalgeneralen, vilket blir \u00e4n mer tydligt d\u00e5 det \u00e4r dags att st\u00e4lla upp f\u00f6r gruppfotografering. Rolf Classon ropar ut oss p\u00e5 gr\u00e4smattan framf\u00f6r sin vitrappade sk\u00e5nel\u00e4nga. Det \u00e4r knappt fotografen f\u00e5r in oss i tredubbla led i bildrutan.&nbsp;Och d\u00e5 \u00e4r vi \u00e4nd\u00e5 bara en br\u00e5kdel av alla som potentiellt skulle kunna vara med. <\/p>\n\n\n\n<p>Det \u00e4r d\u00e5, i detta s\u00e4llskap jag t\u00e4nker att det \u00e4r h\u00e4r det h\u00e4nder och att s\u00e5 h\u00e4r kan det ocks\u00e5 se ut; vajande r\u00e5gf\u00e4lt, vallmo och bl\u00e5klint med bornholmsf\u00e4rjan mot horisonten. H\u00e4r och nu!<\/p>\n\n\n\n<p>\/Gunnar Krantz, som medverkade p\u00e5 Skillinge Seriefestival som moderator f\u00f6r:<br><br>Samtal med fanzinskaparna Johanna Larsson Pinedo, Karin Hjalmarsson, Ola Forssblad, Marre Huss och Ylva Oknelid. <\/p>\n\n\n\n<p>Samtal med Knut Larsson om  Aniara.<\/p>\n\n\n\n<p>Samtal med Jonas Darnell och Johan Kimrin om Herman Hedning, Valhall och tv\u00e5 framg\u00e5ngsrika Kickstarterkampanjer.<\/p>\n","protected":false},"excerpt":{"rendered":"<p>T\u00e4nk om det fanns en tidsmaskin, som gjorde det m\u00f6jligt att f\u00e5 vara med om den kreativa milj\u00f6n i Andy Warhols aluminiumfolie-dekorerade&nbsp;atelj\u00e9, eller f\u00e5 vara en av de f\u00f6rsta som fick se och h\u00f6ra band som Ramones, Blondie och Talking Heads p\u00e5 CBGB&#8217;s i New York. De som var med uppfattade kanske inte de historiska [&hellip;]<\/p>\n","protected":false},"author":1,"featured_media":0,"comment_status":"closed","ping_status":"closed","sticky":false,"template":"","format":"standard","meta":{"footnotes":""},"categories":[4,7,8,1],"tags":[],"class_list":["post-2543","post","type-post","status-publish","format-standard","hentry","category-seriepolitiska-texter","category-seriestaden-malmo","category-svenska-seriefaltet","category-uncategorized"],"_links":{"self":[{"href":"https:\/\/gunnarkrantz.se\/index.php?rest_route=\/wp\/v2\/posts\/2543","targetHints":{"allow":["GET"]}}],"collection":[{"href":"https:\/\/gunnarkrantz.se\/index.php?rest_route=\/wp\/v2\/posts"}],"about":[{"href":"https:\/\/gunnarkrantz.se\/index.php?rest_route=\/wp\/v2\/types\/post"}],"author":[{"embeddable":true,"href":"https:\/\/gunnarkrantz.se\/index.php?rest_route=\/wp\/v2\/users\/1"}],"replies":[{"embeddable":true,"href":"https:\/\/gunnarkrantz.se\/index.php?rest_route=%2Fwp%2Fv2%2Fcomments&post=2543"}],"version-history":[{"count":36,"href":"https:\/\/gunnarkrantz.se\/index.php?rest_route=\/wp\/v2\/posts\/2543\/revisions"}],"predecessor-version":[{"id":2585,"href":"https:\/\/gunnarkrantz.se\/index.php?rest_route=\/wp\/v2\/posts\/2543\/revisions\/2585"}],"wp:attachment":[{"href":"https:\/\/gunnarkrantz.se\/index.php?rest_route=%2Fwp%2Fv2%2Fmedia&parent=2543"}],"wp:term":[{"taxonomy":"category","embeddable":true,"href":"https:\/\/gunnarkrantz.se\/index.php?rest_route=%2Fwp%2Fv2%2Fcategories&post=2543"},{"taxonomy":"post_tag","embeddable":true,"href":"https:\/\/gunnarkrantz.se\/index.php?rest_route=%2Fwp%2Fv2%2Ftags&post=2543"}],"curies":[{"name":"wp","href":"https:\/\/api.w.org\/{rel}","templated":true}]}}