{"id":2617,"date":"2020-01-04T11:38:00","date_gmt":"2020-01-04T11:38:00","guid":{"rendered":"http:\/\/gunnarkrantz.se\/?p=2617"},"modified":"2024-01-08T16:55:55","modified_gmt":"2024-01-08T16:55:55","slug":"seriearet-som-gick-2019","status":"publish","type":"post","link":"https:\/\/gunnarkrantz.se\/?p=2617","title":{"rendered":"Serie\u00e5ret som gick 2019"},"content":{"rendered":"\n<p>I min f\u00f6rra \u00e5rskr\u00f6nika lovade jag att 2019 skulle bli minst lika inneh\u00e5llsrikt som 2018. S\u00e5 har det ocks\u00e5 blivit.&nbsp;<\/p>\n\n\n\n<figure class=\"wp-block-image\"><img loading=\"lazy\" decoding=\"async\" width=\"700\" height=\"700\" src=\"http:\/\/gunnarkrantz.se\/wp-content\/uploads\/2020\/01\/IMG_8392-700x700.jpg\" alt=\"\" class=\"wp-image-2625\" srcset=\"https:\/\/gunnarkrantz.se\/wp-content\/uploads\/2020\/01\/IMG_8392-700x700.jpg 700w, https:\/\/gunnarkrantz.se\/wp-content\/uploads\/2020\/01\/IMG_8392-150x150.jpg 150w, https:\/\/gunnarkrantz.se\/wp-content\/uploads\/2020\/01\/IMG_8392-300x300.jpg 300w, https:\/\/gunnarkrantz.se\/wp-content\/uploads\/2020\/01\/IMG_8392-768x768.jpg 768w, https:\/\/gunnarkrantz.se\/wp-content\/uploads\/2020\/01\/IMG_8392-100x100.jpg 100w\" sizes=\"auto, (max-width: 700px) 100vw, 700px\" \/><figcaption>Ur Tv\u00e5 m\u00e5nader i Tanger (2019)<\/figcaption><\/figure>\n\n\n\n<p><strong>Serier<\/strong><br>Jag har tecknat tv\u00e5 serier. <em>Tv\u00e5 m\u00e5nader i Tanger<\/em> avslutades innan sommaren och v\u00e4ntar nu p\u00e5 att bli publicerad. Serien baseras p\u00e5 min fars lift till Marocko i mitten p\u00e5 50-talet. De tv\u00e5 lift-serier jag gjort dessf\u00f6rinnan \u00e4r en slags upptakt till denna sp\u00e4nnande ber\u00e4ttelse som skildrar en svunnen epok.<\/p>\n\n\n\n<figure class=\"wp-block-image\"><img loading=\"lazy\" decoding=\"async\" width=\"700\" height=\"700\" src=\"http:\/\/gunnarkrantz.se\/wp-content\/uploads\/2020\/01\/IMG_9870-700x700.jpg\" alt=\"\" class=\"wp-image-2637\" srcset=\"https:\/\/gunnarkrantz.se\/wp-content\/uploads\/2020\/01\/IMG_9870-700x700.jpg 700w, https:\/\/gunnarkrantz.se\/wp-content\/uploads\/2020\/01\/IMG_9870-150x150.jpg 150w, https:\/\/gunnarkrantz.se\/wp-content\/uploads\/2020\/01\/IMG_9870-300x300.jpg 300w, https:\/\/gunnarkrantz.se\/wp-content\/uploads\/2020\/01\/IMG_9870-768x768.jpg 768w, https:\/\/gunnarkrantz.se\/wp-content\/uploads\/2020\/01\/IMG_9870-100x100.jpg 100w\" sizes=\"auto, (max-width: 700px) 100vw, 700px\" \/><figcaption>Omslaget till Malm\u00f6 Rock City Comics nr 1.<\/figcaption><\/figure>\n\n\n\n<p>Jag har \u00e4ven gjort en kortare serie: <em>Malm\u00f6 Rock City Comics<\/em>. En novellserie, tryckt i tv\u00e5f\u00e4rg i liten upplaga p\u00e5 A2-risografen vi k\u00f6pte in under \u00e5ret. Halva upplagan delades ut p\u00e5 Bokm\u00e4ssan. Resten  skingrades snabbt f\u00f6r vinden. <\/p>\n\n\n\n<p><strong>Undervisning<\/strong><br>Jag har undervisat p\u00e5 tre seriekurser, &#8220;Journalistic and Documentary Comics&#8221;, &#8220;Serieteckning och Visuellt ber\u00e4ttande&#8221; samt &#8220;Digital Comics&#8221;, d\u00e4r jag \u00e4ven var kursansvarig. Det \u00e4r inte f\u00f6rsta g\u00e5ngen jag ansvarat f\u00f6r en distanskurs, men f\u00f6rsta g\u00e5ngen f\u00f6r en som g\u00e5tt online. Jag tror mycket p\u00e5 denna undervisningsform n\u00e4r det g\u00e4ller serier och hoppas kunna f\u00e5 forts\u00e4tta utveckla den. Jag har \u00e4ven ansvarat f\u00f6r comics-delen av &#8220;Storytelling\/Narration Across Media&#8221;.<\/p>\n\n\n\n<figure class=\"wp-block-image\"><img loading=\"lazy\" decoding=\"async\" width=\"700\" height=\"525\" src=\"http:\/\/gunnarkrantz.se\/wp-content\/uploads\/2020\/01\/IMG_8477-700x525.jpg\" alt=\"\" class=\"wp-image-2628\" srcset=\"https:\/\/gunnarkrantz.se\/wp-content\/uploads\/2020\/01\/IMG_8477-700x525.jpg 700w, https:\/\/gunnarkrantz.se\/wp-content\/uploads\/2020\/01\/IMG_8477-300x225.jpg 300w, https:\/\/gunnarkrantz.se\/wp-content\/uploads\/2020\/01\/IMG_8477-768x576.jpg 768w\" sizes=\"auto, (max-width: 700px) 100vw, 700px\" \/><figcaption>Journalistic and Documentary Comics slututst\u00e4llning.<\/figcaption><\/figure>\n\n\n\n<p><strong>Konferenser, m\u00e4ssor&nbsp;&nbsp;och  festivaler<\/strong><br>F\u00f6rsta konferensen f\u00f6r \u00e5ret var<em> Comics and Materiality<\/em> arrangerad av Nordic Summer University, winter symposium p\u00e5 \u00c5rhus universitet. Jag presenterade ett paper kallat \u201cNew ways of making comics\u201d om min serie <em><a href=\"http:\/\/www.seriekonst.se\/?page_id=1807\">Katarina Matilda fr\u00e5n Vendel<\/a><\/em><a href=\"http:\/\/www.seriekonst.se\/?page_id=1807\">.&nbsp;<\/a><\/p>\n\n\n\n<p>I Oxford pratade jag om serier och liftning under rubriken \u201cThe hitchhikers guide to post-war Europe \u2013 re-enacting travels on paper\u201d. Konferensen hette<em> Comics &amp; Travel <\/em>och arrangerad av Oxford Comics Network och TORCH, The Oxford Research Centre in the Humanities. Joe Sacco och Paul Gravett var key-note speakers. <\/p>\n\n\n\n<figure class=\"wp-block-image\"><img loading=\"lazy\" decoding=\"async\" width=\"700\" height=\"933\" src=\"http:\/\/gunnarkrantz.se\/wp-content\/uploads\/2020\/01\/IMG_8929-700x933.jpg\" alt=\"\" class=\"wp-image-2664\" srcset=\"https:\/\/gunnarkrantz.se\/wp-content\/uploads\/2020\/01\/IMG_8929-700x933.jpg 700w, https:\/\/gunnarkrantz.se\/wp-content\/uploads\/2020\/01\/IMG_8929-225x300.jpg 225w, https:\/\/gunnarkrantz.se\/wp-content\/uploads\/2020\/01\/IMG_8929-768x1024.jpg 768w\" sizes=\"auto, (max-width: 700px) 100vw, 700px\" \/><figcaption>Puben The Eagle and Child i Oxford d\u00e4r &#8220;The Inklings&#8221; tr\u00e4ffades och l\u00e4ste h\u00f6gt f\u00f6r varandra; Tolkien, C S Lewis m fl. <\/figcaption><\/figure>\n\n\n\n<p>I Malm\u00f6 pratade jag om serier och undervisning under rubriken&nbsp;\u201cTeaching comics in Malm\u00f6 \u2013 the City of Comics\u201d p\u00e5 NordMedia konferensen, d\u00e4r jag \u00e4ven satt i panelen som&nbsp;diskuterade serien <em>The Beast \u2013 making a living on a dying planet<\/em> (2018) med professor&nbsp;Patrick McCurdy. &nbsp;<\/p>\n\n\n\n<p>I mars \u00e5kte jag till Oslo f\u00f6r att opponera p\u00e5 Bendik Kaltenborns 50% phd-seminarium p\u00e5&nbsp;&nbsp;Konsth\u00f6gskolan i Oslo och i slutet av juni blev jag inbjuden av Rolf Classon att moderera tre scenframtr\u00e4danden p\u00e5 Seriefestivalen i Skillinge. Jag har ocks\u00e5 skrivit en hel del, bl a omT\u00f6pffer och litografins betydelse f\u00f6r de tidiga serierna, en artikel som \u00e4r p\u00e5 g\u00e5ng att publiceras ganska snart.<\/p>\n\n\n\n<figure class=\"wp-block-image\"><img loading=\"lazy\" decoding=\"async\" width=\"700\" height=\"525\" src=\"http:\/\/gunnarkrantz.se\/wp-content\/uploads\/2020\/01\/IMG_8170-700x525.jpg\" alt=\"\" class=\"wp-image-2623\" srcset=\"https:\/\/gunnarkrantz.se\/wp-content\/uploads\/2020\/01\/IMG_8170-700x525.jpg 700w, https:\/\/gunnarkrantz.se\/wp-content\/uploads\/2020\/01\/IMG_8170-300x225.jpg 300w, https:\/\/gunnarkrantz.se\/wp-content\/uploads\/2020\/01\/IMG_8170-768x576.jpg 768w\" sizes=\"auto, (max-width: 700px) 100vw, 700px\" \/><figcaption>Den stora litografipressen p\u00e5 Konsth\u00f6gskolan I Oslo<\/figcaption><\/figure>\n\n\n\n<p><strong>SerieLab p\u00e5 Mau<\/strong><br>\u00c5ret st\u00f6rsta projekt \u00e4r dock forts\u00e4ttningen p\u00e5 &#8220;M\u00f6tesplats Serier&#8221;, kallat &#8220;SerieLab p\u00e5 Mau&#8221;. Tanken \u00e4r att skapa en plattform f\u00f6r samverkan mellan Malm\u00f6 universitet och olika akt\u00f6rer p\u00e5 f\u00e4ltet; yrkesverksamma serieskapare, forskare, bransch m. fl.&nbsp;&nbsp;Sedan projektet&nbsp;&#8220;M\u00f6tesplats Serier&#8221; avslutades har serieforskningen st\u00e4rkts p\u00e5 Malm\u00f6 universitet, bl. a genom inr\u00e4ttande av ett forskningsn\u00e4tverk&nbsp;&#8220;Comics Research Lab&#8221;, som samlar och synligg\u00f6r den serieforskning som bedrivs p\u00e5 universitetet.&nbsp;<a href=\"http:\/\/comicsresearchlab.mau.se\/\">http:\/\/comicsresearchlab.mau.se<\/a><\/p>\n\n\n\n<figure class=\"wp-block-image\"><img loading=\"lazy\" decoding=\"async\" width=\"700\" height=\"700\" src=\"http:\/\/gunnarkrantz.se\/wp-content\/uploads\/2020\/01\/IMG_8456-700x700.jpg\" alt=\"\" class=\"wp-image-2627\" srcset=\"https:\/\/gunnarkrantz.se\/wp-content\/uploads\/2020\/01\/IMG_8456-700x700.jpg 700w, https:\/\/gunnarkrantz.se\/wp-content\/uploads\/2020\/01\/IMG_8456-150x150.jpg 150w, https:\/\/gunnarkrantz.se\/wp-content\/uploads\/2020\/01\/IMG_8456-300x300.jpg 300w, https:\/\/gunnarkrantz.se\/wp-content\/uploads\/2020\/01\/IMG_8456-768x768.jpg 768w, https:\/\/gunnarkrantz.se\/wp-content\/uploads\/2020\/01\/IMG_8456-100x100.jpg 100w\" sizes=\"auto, (max-width: 700px) 100vw, 700px\" \/><figcaption>V\u00e5r A2-Risograf<\/figcaption><\/figure>\n\n\n\n<p>\u00c4ven det konstn\u00e4rliga utforskandet av seriemediet har st\u00e4rkts efter&nbsp;&#8220;M\u00f6tesplats Serier&#8221;. Bland annat genom A2-Risografen, som g\u00f6r det m\u00f6jligt  att producera konstn\u00e4rliga och experimentella trycksaker. <\/p>\n\n\n\n<p><strong>Serieskolan 20 \u00e5r<\/strong><br>Serieskolan i Malm\u00f6 som startade 1999 fyllde f\u00f6ljaktligen 20 \u00e5r, vilket firades med utst\u00e4llning och fest, d\u00e4r ett av inslagets var ett scenframtr\u00e4dande med n\u00e5gra av skolans l\u00e4rare; Stina Hjelm, Fredrik Str\u00f6mberg, Sara Hansson och undertecknad.<\/p>\n\n\n\n<p>\/Gunnar Krantz<\/p>\n\n\n\n<figure class=\"wp-block-image\"><img loading=\"lazy\" decoding=\"async\" width=\"700\" height=\"700\" src=\"http:\/\/gunnarkrantz.se\/wp-content\/uploads\/2020\/01\/IMG_8553-700x700.jpg\" alt=\"\" class=\"wp-image-2631\" srcset=\"https:\/\/gunnarkrantz.se\/wp-content\/uploads\/2020\/01\/IMG_8553-700x700.jpg 700w, https:\/\/gunnarkrantz.se\/wp-content\/uploads\/2020\/01\/IMG_8553-150x150.jpg 150w, https:\/\/gunnarkrantz.se\/wp-content\/uploads\/2020\/01\/IMG_8553-300x300.jpg 300w, https:\/\/gunnarkrantz.se\/wp-content\/uploads\/2020\/01\/IMG_8553-768x768.jpg 768w, https:\/\/gunnarkrantz.se\/wp-content\/uploads\/2020\/01\/IMG_8553-100x100.jpg 100w\" sizes=\"auto, (max-width: 700px) 100vw, 700px\" \/><figcaption>Serieskolan i Malm\u00f6 firade 20 \u00e5r med utst\u00e4llning p\u00e5 Rum F\u00f6r Serier och fest p\u00e5 Inkonst. <\/figcaption><\/figure>\n\n\n\n<p><\/p>\n","protected":false},"excerpt":{"rendered":"<p>I min f\u00f6rra \u00e5rskr\u00f6nika lovade jag att 2019 skulle bli minst lika inneh\u00e5llsrikt som 2018. S\u00e5 har det ocks\u00e5 blivit.&nbsp; SerierJag har tecknat tv\u00e5 serier. Tv\u00e5 m\u00e5nader i Tanger avslutades innan sommaren och v\u00e4ntar nu p\u00e5 att bli publicerad. Serien baseras p\u00e5 min fars lift till Marocko i mitten p\u00e5 50-talet. De tv\u00e5 lift-serier jag [&hellip;]<\/p>\n","protected":false},"author":1,"featured_media":0,"comment_status":"closed","ping_status":"closed","sticky":false,"template":"","format":"standard","meta":{"footnotes":""},"categories":[22,8],"tags":[],"class_list":["post-2617","post","type-post","status-publish","format-standard","hentry","category-seriearet","category-svenska-seriefaltet"],"_links":{"self":[{"href":"https:\/\/gunnarkrantz.se\/index.php?rest_route=\/wp\/v2\/posts\/2617","targetHints":{"allow":["GET"]}}],"collection":[{"href":"https:\/\/gunnarkrantz.se\/index.php?rest_route=\/wp\/v2\/posts"}],"about":[{"href":"https:\/\/gunnarkrantz.se\/index.php?rest_route=\/wp\/v2\/types\/post"}],"author":[{"embeddable":true,"href":"https:\/\/gunnarkrantz.se\/index.php?rest_route=\/wp\/v2\/users\/1"}],"replies":[{"embeddable":true,"href":"https:\/\/gunnarkrantz.se\/index.php?rest_route=%2Fwp%2Fv2%2Fcomments&post=2617"}],"version-history":[{"count":31,"href":"https:\/\/gunnarkrantz.se\/index.php?rest_route=\/wp\/v2\/posts\/2617\/revisions"}],"predecessor-version":[{"id":2675,"href":"https:\/\/gunnarkrantz.se\/index.php?rest_route=\/wp\/v2\/posts\/2617\/revisions\/2675"}],"wp:attachment":[{"href":"https:\/\/gunnarkrantz.se\/index.php?rest_route=%2Fwp%2Fv2%2Fmedia&parent=2617"}],"wp:term":[{"taxonomy":"category","embeddable":true,"href":"https:\/\/gunnarkrantz.se\/index.php?rest_route=%2Fwp%2Fv2%2Fcategories&post=2617"},{"taxonomy":"post_tag","embeddable":true,"href":"https:\/\/gunnarkrantz.se\/index.php?rest_route=%2Fwp%2Fv2%2Ftags&post=2617"}],"curies":[{"name":"wp","href":"https:\/\/api.w.org\/{rel}","templated":true}]}}