{"id":2704,"date":"2021-01-02T13:55:27","date_gmt":"2021-01-02T13:55:27","guid":{"rendered":"http:\/\/gunnarkrantz.se\/?p=2704"},"modified":"2024-01-08T16:55:33","modified_gmt":"2024-01-08T16:55:33","slug":"aret-som-gick-2020","status":"publish","type":"post","link":"https:\/\/gunnarkrantz.se\/?p=2704","title":{"rendered":"Serie\u00e5ret 2020"},"content":{"rendered":"\n<p><strong>EN BRA B\u00d6RJAN<\/strong><br>Det b\u00f6rjade bra! Jag blev befordrad till konstn\u00e4rlig professor i visuell kommunikation med inriktning mot teckning.  L\u00e4s mer om det <a href=\"https:\/\/www.mynewsdesk.com\/se\/malmo-universitet\/pressreleases\/nu-har-malmoe-faatt-sin-foersta-professor-i-serieteckning-2980019\">H\u00c4R<\/a>. Min novellserie &#8220;Malm\u00f6 Rock City Comics&#8221;, om The New Yardbirds, (blivande Led Zeppelin) spelning i Malm\u00f6 1968 fick uppm\u00e4rksamhet bland 2019 \u00e5rs Malm\u00f6-skildringar i <em>Sydsvenskan<\/em> och i februari drog vi ig\u00e5ng Serielab p\u00e5 Malm\u00f6 universitet, med en workshop i risotryck f\u00f6r yrkesverksamma serieskapare. Jag medverkade ocks\u00e5 med ett paper om seriefandom och feminism under 60- och 70-talen, p\u00e5 konferensen &#8220;Comics &amp; Feminism&#8221; p\u00e5 S\u00f6dert\u00f6rns H\u00f6gskola.<\/p>\n\n\n\n<p>Sen kom corona&#8230; Den 10:e mars \u00f6vergick Malm\u00f6 universitet \u00f6ver till digital undervisning och s\u00e5 har det varit sedan dess. Jag har suttit vid mitt skrivbord h\u00e4r hemma och zoomat. <\/p>\n\n\n\n<figure class=\"wp-block-image size-medium is-resized\"><img loading=\"lazy\" decoding=\"async\" src=\"https:\/\/gunnarkrantz.se\/wp-content\/uploads\/2021\/01\/IMG_0712-300x300.jpeg\" alt=\"\" class=\"wp-image-2717\" width=\"300\" height=\"300\" srcset=\"https:\/\/gunnarkrantz.se\/wp-content\/uploads\/2021\/01\/IMG_0712-300x300.jpeg 300w, https:\/\/gunnarkrantz.se\/wp-content\/uploads\/2021\/01\/IMG_0712-700x697.jpeg 700w, https:\/\/gunnarkrantz.se\/wp-content\/uploads\/2021\/01\/IMG_0712-150x150.jpeg 150w, https:\/\/gunnarkrantz.se\/wp-content\/uploads\/2021\/01\/IMG_0712-768x765.jpeg 768w, https:\/\/gunnarkrantz.se\/wp-content\/uploads\/2021\/01\/IMG_0712-100x100.jpeg 100w, https:\/\/gunnarkrantz.se\/wp-content\/uploads\/2021\/01\/IMG_0712.jpeg 1125w\" sizes=\"auto, (max-width: 300px) 100vw, 300px\" \/><figcaption>Digital Comics, gavs p\u00e5 distans f\u00f6re corona.<\/figcaption><\/figure>\n\n\n\n<p>Det mesta jag planerat har antingen st\u00e4llts in, lagts p\u00e5 is, eller st\u00e4llts om. Det handlade om festivaler, utst\u00e4llningar, resor, m\u00f6ten, workshops m m. De planerade aktiviteterna i Serielab bokades av och jag b\u00f6rjade fundera p\u00e5 vad som ens var m\u00f6jligt att g\u00f6ra. Om ens n\u00e5got.<\/p>\n\n\n\n<p><strong>SERIELAB &#8211; TROTS ALLT<\/strong><br>Ett av de planerade projekten i Serielab kallade jag &#8220;Serier &amp; Film&#8221;, med m\u00e5l att skapa samverkan mellan tv\u00e5 branscher med mycket gemensamt, men helt utan givna m\u00f6tesplatser. Id\u00e9n uppstod efter samarbetet med Film i Sk\u00e5ne kring t\u00e4vlingen \u201dBergman i Sk\u00e5ne\u201d, som vanns av Johanna Pi\u00f1edo Larsson (se <em>Bild &amp; Bubbla<\/em> nr 218). Jag kontaktade Film i Sk\u00e5nes talangutveckare Hanna Sohlberg och vi drog gemensamt upp en plan f\u00f6r en distans-workshop i pitchning, som sedan genomf\u00f6rdes med hj\u00e4lp av ytterligare input fr\u00e5n mina kollegor Jakob Dittmar och Saskia Gullstrand och de digitala verktygen Canvas och Zoom.<\/p>\n\n\n\n<figure class=\"wp-block-image size-medium is-resized\"><img loading=\"lazy\" decoding=\"async\" src=\"https:\/\/gunnarkrantz.se\/wp-content\/uploads\/2021\/01\/IMG_0812-300x272.jpeg\" alt=\"\" class=\"wp-image-2716\" width=\"300\" height=\"272\" srcset=\"https:\/\/gunnarkrantz.se\/wp-content\/uploads\/2021\/01\/IMG_0812-300x272.jpeg 300w, https:\/\/gunnarkrantz.se\/wp-content\/uploads\/2021\/01\/IMG_0812-700x635.jpeg 700w, https:\/\/gunnarkrantz.se\/wp-content\/uploads\/2021\/01\/IMG_0812-768x697.jpeg 768w, https:\/\/gunnarkrantz.se\/wp-content\/uploads\/2021\/01\/IMG_0812.jpeg 781w\" sizes=\"auto, (max-width: 300px) 100vw, 300px\" \/><figcaption>Inbjudan till online-worskhopen Serier och Film.<\/figcaption><\/figure>\n\n\n\n<p><\/p>\n\n\n\n<p>Jag intervjuade Kim W Andersson om hans erfarenheter kring \u201dAlena\u201d och ett 20-tal serietecknare anm\u00e4lde sig till workshopen. Det hela resulterade i att vi kunde erbjuda Pelle Forshed en residensplats f\u00f6r att utveckla en pitch till sin serie \u201dUnder tiden\u201d (utgiven av Kartago 2018), samt att han och ett antal av de andra medverkande serietecknarna fick m\u00f6jlighet att pitcha sina serier f\u00f6r producenter och regiss\u00f6rer. &nbsp;Denna f\u00f6rsta workshop v\u00e4ckte stort intresse och vi planerar nu f\u00f6r en forts\u00e4ttning med fokus p\u00e5 manus under 2021. (\u00c4r du intresserad, kontakta i s\u00e5 fall undertecknad).<\/p>\n\n\n\n<p>Ett annat projekt inom Serielab, som tog sin b\u00f6rjan under 2020 var &#8220;Serier &amp; spel\u201d, som fick fart tack vare ett initiativ fr\u00e5n Bobbi A Sand fr\u00e5n spelf\u00f6retaget <a href=\"https:\/\/transcenders.se\/\">Transcenders<\/a>, kring den i Japan om\u00e5ttligt popul\u00e4ra datorspelsgenren &#8220;Visual Novel&#8221;. Under workshopen visade Bobbi grunderna i programmering i spelmotorn Ren\u2019py och vi som var med kunde r\u00e4tt snabbt se m\u00f6jligheter att konvertera v\u00e5ra egna serier till spel. Inf\u00f6r workshopen intervjuade jag Natalia Batista, som arbetar p\u00e5 en visual novel av  \u201dSword Princess Amaltea\u201d. Den intervjun hittar ni h\u00e4r: <a href=\"https:\/\/blogg.mah.se\/motesplatsserier\/2020\/11\/24\/intervju-natalia-batista-om-visual-novels\/\"> Natalia Batista om Visual Novels<\/a> <\/p>\n\n\n\n<p><strong>SKILLINGE SERIEFESTIVAL &#8211; SOM BLEV UTST\u00c4LLNING OCH SEMINARIUM<\/strong><br>En annan planerad aktivitet som faktiskt kunde genomf\u00f6ras, var samarbetet med Rolf Classon och Skillinge Serievestival. Det handlade om att bidra med ett akademiskt sp\u00e5r till denna unika festival, som genomf\u00f6rdes i form av ett antal utst\u00e4llningar i och omkring Skillinge. Den dag jag ansvarade f\u00f6r gjordes  som ett webbs\u00e4nt seminarium fr\u00e5n Skillinge Teater; \u201dSerier i forskningen \u2013 Comics Research Lab p\u00e5 Mau\u201d med bidrag av Jakob Dittmar, Saskia Gullstrand och undertecknad. Detta \u00e5tf\u00f6ljdes av ett panelsamtal p\u00e5 temat \u201dNarrativa strategier i svenska serier\u201d med docent Anna Jonsson fr\u00e5n Lunds universitet och serietecknarna Axel Breschensbauer , Joakim Pirinen, Kalle Mattsson, Anna Haifisch (D) och Joe Kessler (GB). &nbsp;&nbsp;M\u00e5let med seminariet och panelsamtalet var att s\u00e4tta fokus p\u00e5 den samtida serieforskningen och samtidigt skapa f\u00f6ruts\u00e4ttningar f\u00f6r ett utbyte mellan serietecknare och serieforskare, n\u00e5got vi lyckades med. L\u00e4s mer p\u00e5 Comics Research Lab: <a href=\"https:\/\/comicsresearchlab.mau.se\/2020\/09\/08\/malmo-comics-research-lab-at-skillinge-comics-festival-2020\/\"> Serielab p\u00e5 Skillinge Seriefestival 2020<\/a><br><\/p>\n\n\n\n<figure class=\"wp-block-image size-large\"><img loading=\"lazy\" decoding=\"async\" width=\"700\" height=\"420\" src=\"http:\/\/gunnarkrantz.se\/wp-content\/uploads\/2021\/01\/skillinge_web-700x420.png\" alt=\"\" class=\"wp-image-2714\" srcset=\"https:\/\/gunnarkrantz.se\/wp-content\/uploads\/2021\/01\/skillinge_web-700x420.png 700w, https:\/\/gunnarkrantz.se\/wp-content\/uploads\/2021\/01\/skillinge_web-300x180.png 300w, https:\/\/gunnarkrantz.se\/wp-content\/uploads\/2021\/01\/skillinge_web-768x461.png 768w, https:\/\/gunnarkrantz.se\/wp-content\/uploads\/2021\/01\/skillinge_web-1536x922.png 1536w, https:\/\/gunnarkrantz.se\/wp-content\/uploads\/2021\/01\/skillinge_web.png 1540w\" sizes=\"auto, (max-width: 700px) 100vw, 700px\" \/><figcaption>Fr\u00e5n Skillinge Seriefestival p\u00e5 Skillinge Teater<\/figcaption><\/figure>\n\n\n\n<p><strong>EGET ARBETE<\/strong><br>Under \u00e5ret har jag tecknat och publicerat en novellserie kallad  \u201dSerier fr\u00e5n Sibirien\u201d. I mitten p\u00e5 80-talet hyrde jag och Thomas Henriksson en lokal p\u00e5 Birger Jarlsgatan i Sibiriens norra spets, bara tv\u00e5 hus fr\u00e5n huset d\u00e4r Horst Schr\u00f6der bodde och blev snabbt indragna i hans storslagna planer p\u00e5 att f\u00f6rse svenska folket med vuxenserier.<\/p>\n\n\n\n<figure class=\"wp-block-image size-medium is-resized\"><img loading=\"lazy\" decoding=\"async\" src=\"https:\/\/gunnarkrantz.se\/wp-content\/uploads\/2021\/01\/IMG_0763-300x270.jpeg\" alt=\"\" class=\"wp-image-2713\" width=\"300\" height=\"270\" srcset=\"https:\/\/gunnarkrantz.se\/wp-content\/uploads\/2021\/01\/IMG_0763-300x270.jpeg 300w, https:\/\/gunnarkrantz.se\/wp-content\/uploads\/2021\/01\/IMG_0763-700x629.jpeg 700w, https:\/\/gunnarkrantz.se\/wp-content\/uploads\/2021\/01\/IMG_0763-768x690.jpeg 768w, https:\/\/gunnarkrantz.se\/wp-content\/uploads\/2021\/01\/IMG_0763.jpeg 781w\" sizes=\"auto, (max-width: 300px) 100vw, 300px\" \/><figcaption>\u00c5ret var 1984&#8230;<\/figcaption><\/figure>\n\n\n\n<p>\u201dSerier fr\u00e5n Sibirien\u201d fokuserar p\u00e5 det grafiska arbetet som utf\u00f6rdes p\u00e5 f\u00f6rlaget, i skiftet mellan den gamla tekniken, med sax och klister och den nya digitala. Den \u00e4r tecknad p\u00e5 stenpapper, framst\u00e4llt av kalk, vilket kopplar till mitt intresse f\u00f6r gamla trycktekniker.  Ett tema jag \u00e5terkom till i min text om litografins betydelse f\u00f6r seriemediets uppkomst i mitten av 1800-talet, som publicerades i tidskriften OEI #88-89 &#8211; Ett temanummer om tecknade serier. L\u00e4s serien <a href=\"https:\/\/www.seriekonst.se\/\">H\u00c4R<\/a>.<\/p>\n\n\n\n<p>Jag har ocks\u00e5 p\u00e5b\u00f6rjat ett st\u00f6rre projekt, som tar sin utg\u00e5ngspunkt i det realistiska svartvita fotografiet (och filmen) fr\u00e5n slutet av 70-talet, genom att m\u00e5la av fotografier fr\u00e5n Kristianstad. Detta m\u00f6dosamma och omst\u00e4ndliga s\u00e4tt att utforska dokument\u00e4rt material, har sedan lett till att jag p\u00e5b\u00f6rjat ett manus, som bygger p\u00e5 de minnesbilder och associationer som dykt upp under arbetets g\u00e5ng. Vad det kommer att resultera i vet jag inte. Hittills \u00e4r jag klar med 6 bilder och har ett p\u00e5b\u00f6rjat manus.<\/p>\n\n\n\n<figure class=\"wp-block-image size-large\"><img loading=\"lazy\" decoding=\"async\" width=\"700\" height=\"525\" src=\"http:\/\/gunnarkrantz.se\/wp-content\/uploads\/2021\/01\/domus-700x525.jpg\" alt=\"\" class=\"wp-image-2725\" srcset=\"https:\/\/gunnarkrantz.se\/wp-content\/uploads\/2021\/01\/domus-700x525.jpg 700w, https:\/\/gunnarkrantz.se\/wp-content\/uploads\/2021\/01\/domus-300x225.jpg 300w, https:\/\/gunnarkrantz.se\/wp-content\/uploads\/2021\/01\/domus-768x576.jpg 768w, https:\/\/gunnarkrantz.se\/wp-content\/uploads\/2021\/01\/domus.jpg 886w\" sizes=\"auto, (max-width: 700px) 100vw, 700px\" \/><figcaption>Domus i Kristianstad. Gouache.<\/figcaption><\/figure>\n\n\n\n<p><strong>HEDERSDOKTOR FR\u00c5N BRYSSEL<\/strong><br>I september uts\u00e5gs seriepionj\u00e4ren, professor Pascal Lef\u00e8vre, till hedersdoktor vid Fakulteten f\u00f6r kultur och samh\u00e4llet, Malm\u00f6 universitet. F\u00f6r snart 20 \u00e5r sedan \u00e5kte jag och n\u00e5gra serietecknare fr\u00e5n Malm\u00f6 ner till Bryssel f\u00f6r att spana p\u00e5 vad en seriestad kunde vara f\u00f6r n\u00e5got och m\u00f6tte Pascal och hans studenter p\u00e5 masterutbildningen i serieteckning p\u00e5 LUCA &#8211; Art Academy. Det ska bli roligt att v\u00e4lkomna honom till Malm\u00f6, n\u00e4r pandemin \u00e4r \u00f6ver, f\u00f6rhoppningsvis tillsammans med de andra tecknarna som var med den g\u00e5ngen i Bryssel.<\/p>\n\n\n\n<figure class=\"wp-block-image size-large\"><img loading=\"lazy\" decoding=\"async\" width=\"700\" height=\"525\" src=\"http:\/\/gunnarkrantz.se\/wp-content\/uploads\/2021\/01\/folketspark-700x525.jpg\" alt=\"\" class=\"wp-image-2718\" srcset=\"https:\/\/gunnarkrantz.se\/wp-content\/uploads\/2021\/01\/folketspark-700x525.jpg 700w, https:\/\/gunnarkrantz.se\/wp-content\/uploads\/2021\/01\/folketspark-300x225.jpg 300w, https:\/\/gunnarkrantz.se\/wp-content\/uploads\/2021\/01\/folketspark-768x576.jpg 768w, https:\/\/gunnarkrantz.se\/wp-content\/uploads\/2021\/01\/folketspark.jpg 886w\" sizes=\"auto, (max-width: 700px) 100vw, 700px\" \/><figcaption>Vintersagor vid Folkets Park i Malm\u00f6. H\u00e4r Jon H\u00f6gmans bidrag.<\/figcaption><\/figure>\n\n\n\n<p><strong>EN MILJON TILL  SERIESTADEN<\/strong><br>\u00c4ven i Malm\u00f6 h\u00e4nder det saker. De r\u00e4tt nedg\u00e5ngna kvarter  jag uppeh\u00f6ll mig i slutet p\u00e5 90-talet d\u00e5 projektet \u201dseriestaden\u201d tog sin b\u00f6rjan, har genomg\u00e5tt en drastisk f\u00f6r\u00e4ndring. Industrifastigheten jag ordnade den f\u00f6rsta pressvisningen i har tagits \u00f6ver av Massive Entertainment, snett mitt emot ligger Kulturhuset Mazetti med Serieskolan, Seriefr\u00e4mjandet och Kulturskolans seriekurser. Strax intill finns Malm\u00f6 Stadsarkiv, med Seriearkivet och lite l\u00e4ngre ned p\u00e5 Friisgatan, Rum f\u00f6r Serier, med sin v\u00e4lsorterade seriebutik och bara n\u00e5gra kvarter s\u00f6derut ligger Hybriden och Fanzineverkstaden. Allt i samma stadsdel &#8211; M\u00f6llev\u00e5ngen. Malm\u00f6 stad meddelade i november att man nu g\u00e5r in ytterligare i detta sammanhang genom att satsa pengar p\u00e5 att utveckla ett \u201dseriestr\u00e5k\u201d  l\u00e4ngs Friisgatan, Norra Parkgatan och fram till Folkets Park. En miljon kronor satsar tekniska n\u00e4mnden och det hela ska vara klart till sommaren 2022. Det f\u00f6rsta exemplet p\u00e5 satsningen visas just nu p\u00e5 Corona-s\u00e4kert s\u00e4tt i form av fem olika tecknade vintersagor vid Folkets park. En av dem \u00e4r tecknad av Jenny Holmlund, som gick det f\u00f6rsta \u00e5ret p\u00e5 Serieskolan f\u00f6r 20 \u00e5r sedan.<\/p>\n\n\n\n<p>\/Gunnar Krantz den 2 januari 2021<\/p>\n","protected":false},"excerpt":{"rendered":"<p>EN BRA B\u00d6RJANDet b\u00f6rjade bra! Jag blev befordrad till konstn\u00e4rlig professor i visuell kommunikation med inriktning mot teckning. L\u00e4s mer om det H\u00c4R. Min novellserie &#8220;Malm\u00f6 Rock City Comics&#8221;, om The New Yardbirds, (blivande Led Zeppelin) spelning i Malm\u00f6 1968 fick uppm\u00e4rksamhet bland 2019 \u00e5rs Malm\u00f6-skildringar i Sydsvenskan och i februari drog vi ig\u00e5ng Serielab [&hellip;]<\/p>\n","protected":false},"author":1,"featured_media":0,"comment_status":"closed","ping_status":"closed","sticky":false,"template":"","format":"standard","meta":{"footnotes":""},"categories":[22],"tags":[],"class_list":["post-2704","post","type-post","status-publish","format-standard","hentry","category-seriearet"],"_links":{"self":[{"href":"https:\/\/gunnarkrantz.se\/index.php?rest_route=\/wp\/v2\/posts\/2704","targetHints":{"allow":["GET"]}}],"collection":[{"href":"https:\/\/gunnarkrantz.se\/index.php?rest_route=\/wp\/v2\/posts"}],"about":[{"href":"https:\/\/gunnarkrantz.se\/index.php?rest_route=\/wp\/v2\/types\/post"}],"author":[{"embeddable":true,"href":"https:\/\/gunnarkrantz.se\/index.php?rest_route=\/wp\/v2\/users\/1"}],"replies":[{"embeddable":true,"href":"https:\/\/gunnarkrantz.se\/index.php?rest_route=%2Fwp%2Fv2%2Fcomments&post=2704"}],"version-history":[{"count":45,"href":"https:\/\/gunnarkrantz.se\/index.php?rest_route=\/wp\/v2\/posts\/2704\/revisions"}],"predecessor-version":[{"id":2761,"href":"https:\/\/gunnarkrantz.se\/index.php?rest_route=\/wp\/v2\/posts\/2704\/revisions\/2761"}],"wp:attachment":[{"href":"https:\/\/gunnarkrantz.se\/index.php?rest_route=%2Fwp%2Fv2%2Fmedia&parent=2704"}],"wp:term":[{"taxonomy":"category","embeddable":true,"href":"https:\/\/gunnarkrantz.se\/index.php?rest_route=%2Fwp%2Fv2%2Fcategories&post=2704"},{"taxonomy":"post_tag","embeddable":true,"href":"https:\/\/gunnarkrantz.se\/index.php?rest_route=%2Fwp%2Fv2%2Ftags&post=2704"}],"curies":[{"name":"wp","href":"https:\/\/api.w.org\/{rel}","templated":true}]}}