{"id":2909,"date":"2023-04-13T19:28:13","date_gmt":"2023-04-13T19:28:13","guid":{"rendered":"http:\/\/gunnarkrantz.se\/?p=2909"},"modified":"2024-01-08T16:51:32","modified_gmt":"2024-01-08T16:51:32","slug":"seriearet-2022","status":"publish","type":"post","link":"https:\/\/gunnarkrantz.se\/?p=2909","title":{"rendered":"Serie\u00e5ret 2022"},"content":{"rendered":"\n<p>Sakta men s\u00e4kert \u00e4r vi nu p\u00e5 v\u00e4g tillbaka mot det normala. Eller i alla fall det som vi m\u00f6jligen uppfattade som det normala &#8211; innan pandemin. Men det g\u00e5r l\u00e5ngsamt. Det \u00e4r p\u00e5 n\u00e5got s\u00e4tt som vi vant oss vid distansen och det digitala. D\u00e4rf\u00f6r har det f\u00f6r min del varit extra viktigt att s\u00e4tta fokus p\u00e5 allt det som inte kan digitaliseras &#8211; som m\u00e5ste upplevas i verkligheten. Serier tryckta p\u00e5 papper, m\u00f6ten i rum och lokaler av olika slag. Samtal och diskussioner med andra m\u00e4nniskor utanf\u00f6r bildsk\u00e4rm och fl\u00f6den i sociala medier. Det digitala \u00e4r det nya normala. Det m\u00e4rker jag inte minst i min undervisning, d\u00e4r de digitala teknikerna nu \u00e4r s\u00e5 sj\u00e4lvklara f\u00f6r studenterna att tuschning med pensel och st\u00e5lstift (p\u00e5 riktigt) \u00e4r n\u00e5got exotiskt.<\/p>\n\n\n\n<p><strong>Serier p\u00e5 papper trendar<\/strong><br>Mycket har h\u00e4nt i v\u00e5rt risolab (p\u00e5 Malm\u00f6 universitet) sedan det \u00e5ter blev m\u00f6jligt att tr\u00e4ffas p\u00e5 plats. Intresset f\u00f6r trycktekniken har n\u00e5tt ut b\u00e5de till yrkesverksamma serietecknare, konstn\u00e4rer och studenter p\u00e5 v\u00e5ra olika program. Vi har arrangerat workshops, bl a i samverkan med Malm\u00f6 Artist Book Biennal. \u00c4ven enskilda konstn\u00e4rer och forskare har haft m\u00f6jlighet att pr\u00f6va p\u00e5 tekniken. Mot \u00e5rets slut hade vi \u00e4ven m\u00f6jlighet att anst\u00e4llt studentamanuenser som kunde hj\u00e4lpa till i labbet och \u00e4ven haft den stora gl\u00e4djen att ha seriekonstn\u00e4ren Joe Kessler som IASPIS-resident under tre m\u00e5nader. Joes stora kunskap inom tryck och hans konstn\u00e4rliga och experimentella utforskande av risografi resulterade i tv\u00e5 b\u00f6cker och en rad framtr\u00e4dande; P\u00e5 Rum F\u00f6r serier, Skillinge Seriefestival och Bok&amp;Biblioteksm\u00e4ssan.<\/p>\n\n\n\n<p>Sj\u00e4lv tryckte jag tidningen <em>Serielab prototyp no.1<\/em>, med omslag av Mats K\u00e4llblad, som en del i redovisningen av samverkansprojektet&nbsp; Serielab p\u00e5 Mau. Sj\u00e4lva finalen p\u00e5 det projektet utgjordes av en hearing om seriernas framtid och d\u00e5 var det Freja Erix\u00e5n som stod f\u00f6r affischen. P\u00e5 hearingen intervjuades Kim W Andersson i sin roll som redakt\u00f6r f\u00f6r Seriefr\u00e4mjandets satsning <em>Portal<\/em> &#8211; en digitalt tryckt serietidning p\u00e5 papper och Fredrik Jonsson fr\u00e5n f\u00f6rlaget Lystring, som f\u00e5tt medel fr\u00e5n EU f\u00f6r utgivning av serieb\u00f6cker (ocks\u00e5 tryckta p\u00e5 papper).<\/p>\n\n\n\n<p>Min egen digitala serie <em>Kooperat\u00f6ren<\/em> fr\u00e5n 2016 blev ocks\u00e5 utgiven p\u00e5 papper. \u00c4ven den tryckt p\u00e5 Seriefr\u00e4mjandets digitala tryckpress.<\/p>\n\n\n\n<figure class=\"wp-block-image size-medium\"><img loading=\"lazy\" decoding=\"async\" width=\"300\" height=\"300\" src=\"https:\/\/gunnarkrantz.se\/wp-content\/uploads\/2023\/04\/adamson_gunnarkrantz22-300x300.jpg\" alt=\"\" class=\"wp-image-2910\" srcset=\"https:\/\/gunnarkrantz.se\/wp-content\/uploads\/2023\/04\/adamson_gunnarkrantz22-300x300.jpg 300w, https:\/\/gunnarkrantz.se\/wp-content\/uploads\/2023\/04\/adamson_gunnarkrantz22-150x150.jpg 150w, https:\/\/gunnarkrantz.se\/wp-content\/uploads\/2023\/04\/adamson_gunnarkrantz22-100x100.jpg 100w, https:\/\/gunnarkrantz.se\/wp-content\/uploads\/2023\/04\/adamson_gunnarkrantz22.jpg 591w\" sizes=\"auto, (max-width: 300px) 100vw, 300px\" \/><figcaption>Adamson blickar ut \u00f6ver Liseberg fr\u00e5n Hotell Gothia Towers<\/figcaption><\/figure>\n\n\n\n<p>Annars var \u00e5rets stora h\u00e4ndelse (f\u00f6r mig personligen) att jag f\u00f6r\u00e4rades Svenska Serieakademins Adamson-statyett. Telefonsamtalet kom lika ov\u00e4ntat som det brukar beskrivas av de som f\u00e5r de d\u00e4r riktigt stora och fina priserna \u2013 vilket Adamson-priset, med snart 60 \u00e5r p\u00e5 nacken ocks\u00e5 \u00e4r. Det har delats ut sedan 1965, till svenska och internationella serietecknare, vilket g\u00f6r det till ett av v\u00e4rldens \u00e4ldsta seriepriser.  <br>\/Gunnar Krantz<\/p>\n","protected":false},"excerpt":{"rendered":"<p>Sakta men s\u00e4kert \u00e4r vi nu p\u00e5 v\u00e4g tillbaka mot det normala. Eller i alla fall det som vi m\u00f6jligen uppfattade som det normala &#8211; innan pandemin. Men det g\u00e5r l\u00e5ngsamt. Det \u00e4r p\u00e5 n\u00e5got s\u00e4tt som vi vant oss vid distansen och det digitala. D\u00e4rf\u00f6r har det f\u00f6r min del varit extra viktigt att [&hellip;]<\/p>\n","protected":false},"author":1,"featured_media":0,"comment_status":"open","ping_status":"open","sticky":false,"template":"","format":"standard","meta":{"footnotes":""},"categories":[22],"tags":[],"class_list":["post-2909","post","type-post","status-publish","format-standard","hentry","category-seriearet"],"_links":{"self":[{"href":"https:\/\/gunnarkrantz.se\/index.php?rest_route=\/wp\/v2\/posts\/2909","targetHints":{"allow":["GET"]}}],"collection":[{"href":"https:\/\/gunnarkrantz.se\/index.php?rest_route=\/wp\/v2\/posts"}],"about":[{"href":"https:\/\/gunnarkrantz.se\/index.php?rest_route=\/wp\/v2\/types\/post"}],"author":[{"embeddable":true,"href":"https:\/\/gunnarkrantz.se\/index.php?rest_route=\/wp\/v2\/users\/1"}],"replies":[{"embeddable":true,"href":"https:\/\/gunnarkrantz.se\/index.php?rest_route=%2Fwp%2Fv2%2Fcomments&post=2909"}],"version-history":[{"count":2,"href":"https:\/\/gunnarkrantz.se\/index.php?rest_route=\/wp\/v2\/posts\/2909\/revisions"}],"predecessor-version":[{"id":2912,"href":"https:\/\/gunnarkrantz.se\/index.php?rest_route=\/wp\/v2\/posts\/2909\/revisions\/2912"}],"wp:attachment":[{"href":"https:\/\/gunnarkrantz.se\/index.php?rest_route=%2Fwp%2Fv2%2Fmedia&parent=2909"}],"wp:term":[{"taxonomy":"category","embeddable":true,"href":"https:\/\/gunnarkrantz.se\/index.php?rest_route=%2Fwp%2Fv2%2Fcategories&post=2909"},{"taxonomy":"post_tag","embeddable":true,"href":"https:\/\/gunnarkrantz.se\/index.php?rest_route=%2Fwp%2Fv2%2Ftags&post=2909"}],"curies":[{"name":"wp","href":"https:\/\/api.w.org\/{rel}","templated":true}]}}