{"id":3079,"date":"2023-10-10T13:25:32","date_gmt":"2023-10-10T13:25:32","guid":{"rendered":"http:\/\/gunnarkrantz.se\/?p=3079"},"modified":"2023-10-24T06:44:37","modified_gmt":"2023-10-24T06:44:37","slug":"serieskolan-i-malmo-de-forsta-aren","status":"publish","type":"post","link":"https:\/\/gunnarkrantz.se\/?p=3079","title":{"rendered":"1. Gr\u00f6na soffan"},"content":{"rendered":"\n<p>Alla konstskolor av rang har n\u00e5gonstans en gr\u00f6n soffa. Den beh\u00f6ver n\u00f6dv\u00e4ndigtvis inte vara gr\u00f6n. Den kan lika g\u00e4rna vara vit eller brun. Det viktiga \u00e4r att den \u00e4r gammal och sliten och g\u00e4rna av oklart ursprung. Kanske hittade n\u00e5gon den i en container. Eller s\u00e5 stod den kvar i en atelj\u00e9. Den kan ocks\u00e5 ha varit ett loppisfynd, eller vara p\u00e5 tillf\u00e4llig f\u00f6rvaring \u00e5t n\u00e5gon som blivit bostadsl\u00f6s och sedan aldrig \u00e5terkom f\u00f6r att h\u00e4mta sin klenod. Med tiden blir gr\u00f6na soffan en sj\u00e4lvklar m\u00f6tesplats och referenspunkt f\u00f6r konstskolans studenter. &#8220;Vi m\u00f6ts vid gr\u00f6na soffan&#8221; textas det p\u00e5 plakat f\u00f6r b\u00e5de fest och uppror. Skulle soffan sedan rasa ihop fullst\u00e4ndigt och bytas ut, kallas den fortfarande &#8220;gr\u00f6na&#8221; trots att den nu kanske \u00e4r bl\u00e5.<\/p>\n\n\n\n<figure class=\"wp-block-image size-large\"><img loading=\"lazy\" decoding=\"async\" width=\"700\" height=\"525\" src=\"https:\/\/gunnarkrantz.se\/wp-content\/uploads\/2023\/10\/redhouse1JPG-700x525.jpg\" alt=\"\" class=\"wp-image-3081\" srcset=\"https:\/\/gunnarkrantz.se\/wp-content\/uploads\/2023\/10\/redhouse1JPG-700x525.jpg 700w, https:\/\/gunnarkrantz.se\/wp-content\/uploads\/2023\/10\/redhouse1JPG-300x225.jpg 300w, https:\/\/gunnarkrantz.se\/wp-content\/uploads\/2023\/10\/redhouse1JPG-768x576.jpg 768w, https:\/\/gunnarkrantz.se\/wp-content\/uploads\/2023\/10\/redhouse1JPG-1536x1152.jpg 1536w, https:\/\/gunnarkrantz.se\/wp-content\/uploads\/2023\/10\/redhouse1JPG-2048x1536.jpg 2048w, https:\/\/gunnarkrantz.se\/wp-content\/uploads\/2023\/10\/redhouse1JPG-1200x900.jpg 1200w, https:\/\/gunnarkrantz.se\/wp-content\/uploads\/2023\/10\/redhouse1JPG-1980x1485.jpg 1980w\" sizes=\"auto, (max-width: 700px) 100vw, 700px\" \/><figcaption>Bakom f\u00f6nsterkuporna h\u00f6gst upp satt studenterna som gick andra \u00e5ret p\u00e5 Serieskolan.<\/figcaption><\/figure>\n\n\n\n<p><\/p>\n\n\n\n<p>En gr\u00f6n soffa tj\u00e4nar m\u00e5nga \u00e4ndam\u00e5l. Det \u00e4r i den det sociala kittet skapas. Det \u00e4r i den de stora och avg\u00f6rande besluten fattas. Det \u00e4r ocks\u00e5 i den nya id\u00e9er uppst\u00e5r och k\u00e4rleksrelationer tar sin b\u00f6rjan. Vad som h\u00e4nt i den under alla \u00e5r den st\u00e5tt i sin korridor eller p\u00e5 studentkaf\u00e9et vill ingen riktigt t\u00e4nka p\u00e5. Men alla f\u00f6rs\u00f6k att ta bort den, med h\u00e4nsyn till hygien, brands\u00e4kerhet, estetik eller allm\u00e4n motvilja brukar sluta i revolt. F\u00f6rsvinner den dyker snart en ny och \u00e4nnu mer sliten upp.<\/p>\n\n\n\n<p>P\u00e5 Serieskolan i Malm\u00f6 var &#8220;gr\u00f6na soffan&#8221; passande nog av gr\u00f6nt, bredrandigt manchestertyg. Den inhandlades av n\u00e5gra studenter som f\u00e5tt en liten budget av skolan f\u00f6r att g\u00f6ra det minimala seriebiblioteket bakom klassrummet lite mysigare. Den hade stora bylsiga kuddar som hela tiden hotade att kalva ner p\u00e5 golvet och den som v\u00e5gade sticka ner handen mellan sittdynorna kunde g\u00f6ra b\u00e5de ov\u00e4ntade och oroande fynd som avsl\u00f6jade n\u00e5got om de aktiviteter som f\u00f6rsigg\u00e5tt i den.<\/p>\n\n\n\n<p>Ett annat fenomen framg\u00e5ngsrika konstskolor har gemensamt \u00e4r det sunkiga studentpentryt. Det \u00e4r ett minimalt utrymme med kylsk\u00e5p, spisplattor, micro och diskb\u00e4nk, st\u00e4ndigt p\u00e5 gr\u00e4nsen till sanit\u00e4r katastrof. Egentligen \u00e4r det t\u00e4nkt att studenterna ska \u00e4ta i skolans matsal d\u00e4r de kan k\u00f6pa mat till rimliga priser. Men eftersom de flesta av dem har det knapert och hellre l\u00e4gger sina pengar p\u00e5 f\u00e4rg, penslar och \u00f6l, tar de med sig matl\u00e5dor att v\u00e4rma i micron. N\u00e4r maten \u00e4r upp\u00e4ten finns en del disk att ta hand om och h\u00e4r t\u00e4nker m\u00e5nga att de kan g\u00f6ra det lite senare. N\u00e4r lite senare intr\u00e4ffar \u00e4r disken i allm\u00e4nhet gl\u00f6md. Detsamma g\u00e4ller de rester som tillf\u00e4lligt lagras i kylsk\u00e5pet. Tillf\u00e4lligt blir l\u00e5ngvarigt.<\/p>\n\n\n\n<p>Efter hand v\u00e4xer m\u00f6glet. Bananflugorna f\u00f6r\u00f6kar sig och berg av disk hopar sig i vasken. Varken plakat, lappar, eller h\u00e4nvisningar till n\u00e5gons mamma avhj\u00e4lper den kollektiva diskskulden. Alla \u00e4r skyldiga &#8211; och ingen. G\u00e5r det l\u00e4ngre tid \u00e4n s\u00e5 tillkommer problemet med od\u00f6rer, vilket blir s\u00e4rskilt p\u00e5tagligt under den varma \u00e5rstiden. Stanken fr\u00e5n studentpentryt \u00f6vertr\u00e4ffar det mesta. Om studenterna sedan tar upp fr\u00e5gan med sina l\u00e4rare skickas den vidare till skolledningen, som d\u00e5 hotar med att helt avskaffa pentryt eftersom det nu inte fungerar. St\u00e4llda inf\u00f6r detta ultimatum g\u00f6rs nya f\u00f6rs\u00f6k  med ansvarsf\u00f6rdelning, disklistor, roterande scheman och regler. Detta fungerar i allm\u00e4nhet en kort period innan det \u00e5ter igen \u00e4r dags f\u00f6r en ny k\u00f6ks-kollaps.<\/p>\n\n\n\n<figure class=\"wp-block-image size-large\"><img loading=\"lazy\" decoding=\"async\" width=\"700\" height=\"700\" src=\"https:\/\/gunnarkrantz.se\/wp-content\/uploads\/2023\/10\/redhouse2-700x700.jpg\" alt=\"\" class=\"wp-image-3082\" srcset=\"https:\/\/gunnarkrantz.se\/wp-content\/uploads\/2023\/10\/redhouse2-700x700.jpg 700w, https:\/\/gunnarkrantz.se\/wp-content\/uploads\/2023\/10\/redhouse2-300x300.jpg 300w, https:\/\/gunnarkrantz.se\/wp-content\/uploads\/2023\/10\/redhouse2-150x150.jpg 150w, https:\/\/gunnarkrantz.se\/wp-content\/uploads\/2023\/10\/redhouse2-768x768.jpg 768w, https:\/\/gunnarkrantz.se\/wp-content\/uploads\/2023\/10\/redhouse2-1536x1536.jpg 1536w, https:\/\/gunnarkrantz.se\/wp-content\/uploads\/2023\/10\/redhouse2-2048x2048.jpg 2048w, https:\/\/gunnarkrantz.se\/wp-content\/uploads\/2023\/10\/redhouse2-1200x1200.jpg 1200w, https:\/\/gunnarkrantz.se\/wp-content\/uploads\/2023\/10\/redhouse2-1980x1980.jpg 1980w\" sizes=\"auto, (max-width: 700px) 100vw, 700px\" \/><figcaption>R\u00f6da huset p\u00e5 Industrigatan strax innan renoveringen till bostadsr\u00e4tter p\u00e5b\u00f6rjades.<\/figcaption><\/figure>\n\n\n\n<p>Pentryt p\u00e5 Serieskolan var just ett s\u00e5dant katastrofomr\u00e5de. N\u00e4r det var som v\u00e4rst fick jag sp\u00e4rra av det med gul-svart varningstejp och ett plakat som l\u00f6d &#8220;Tilltr\u00e4de f\u00f6rbjudet f\u00f6re sanering&#8221; och sedan anlita en st\u00e4dfirma som klarade av att hantera vad det nu var som orsakade stanken som gjorde att ingen kunde vistas i lokalerna. Pentryt och gr\u00f6na soffan fanns i samma rum, bakom ettornas klassrum i R\u00f6da Huset p\u00e5 Industrigatan och det var ocks\u00e5 hit vi inviterade alla v\u00e5ra g\u00e4ster p\u00e5 fredagsfika n\u00e4r intresset f\u00f6r serieskolan s\u00e5 sm\u00e5ningom &nbsp;\u00f6kade. Vi t\u00e4nkte att vi skulle bjuda dem p\u00e5 det allra b\u00e4sta vi hade.<\/p>\n\n\n\n<p>(Forts\u00e4ttning f\u00f6ljer).<\/p>\n","protected":false},"excerpt":{"rendered":"<p>Alla konstskolor av rang har n\u00e5gonstans en gr\u00f6n soffa. Den beh\u00f6ver n\u00f6dv\u00e4ndigtvis inte vara gr\u00f6n. Den kan lika g\u00e4rna vara vit eller brun. Det viktiga \u00e4r att den \u00e4r gammal och sliten och g\u00e4rna av oklart ursprung. Kanske hittade n\u00e5gon den i en container. Eller s\u00e5 stod den kvar i en atelj\u00e9. Den kan ocks\u00e5 [&hellip;]<\/p>\n","protected":false},"author":1,"featured_media":0,"comment_status":"closed","ping_status":"closed","sticky":false,"template":"","format":"standard","meta":{"footnotes":""},"categories":[21],"tags":[],"class_list":["post-3079","post","type-post","status-publish","format-standard","hentry","category-serieskolan-i-malmo-de-forsta-aren-2"],"_links":{"self":[{"href":"https:\/\/gunnarkrantz.se\/index.php?rest_route=\/wp\/v2\/posts\/3079","targetHints":{"allow":["GET"]}}],"collection":[{"href":"https:\/\/gunnarkrantz.se\/index.php?rest_route=\/wp\/v2\/posts"}],"about":[{"href":"https:\/\/gunnarkrantz.se\/index.php?rest_route=\/wp\/v2\/types\/post"}],"author":[{"embeddable":true,"href":"https:\/\/gunnarkrantz.se\/index.php?rest_route=\/wp\/v2\/users\/1"}],"replies":[{"embeddable":true,"href":"https:\/\/gunnarkrantz.se\/index.php?rest_route=%2Fwp%2Fv2%2Fcomments&post=3079"}],"version-history":[{"count":7,"href":"https:\/\/gunnarkrantz.se\/index.php?rest_route=\/wp\/v2\/posts\/3079\/revisions"}],"predecessor-version":[{"id":3107,"href":"https:\/\/gunnarkrantz.se\/index.php?rest_route=\/wp\/v2\/posts\/3079\/revisions\/3107"}],"wp:attachment":[{"href":"https:\/\/gunnarkrantz.se\/index.php?rest_route=%2Fwp%2Fv2%2Fmedia&parent=3079"}],"wp:term":[{"taxonomy":"category","embeddable":true,"href":"https:\/\/gunnarkrantz.se\/index.php?rest_route=%2Fwp%2Fv2%2Fcategories&post=3079"},{"taxonomy":"post_tag","embeddable":true,"href":"https:\/\/gunnarkrantz.se\/index.php?rest_route=%2Fwp%2Fv2%2Ftags&post=3079"}],"curies":[{"name":"wp","href":"https:\/\/api.w.org\/{rel}","templated":true}]}}