{"id":3087,"date":"2023-10-12T17:27:59","date_gmt":"2023-10-12T17:27:59","guid":{"rendered":"http:\/\/gunnarkrantz.se\/?p=3087"},"modified":"2023-10-21T09:52:58","modified_gmt":"2023-10-21T09:52:58","slug":"2-k-som-i-konkurs","status":"publish","type":"post","link":"https:\/\/gunnarkrantz.se\/?p=3087","title":{"rendered":"2. K som i konkurs"},"content":{"rendered":"\n<p>Det lilla jag visste om Kvarnby Folkh\u00f6gskola v\u00e5ren 1999, var att den drevs av V\u00e4nsterpartiet, l\u00e5g ute p\u00e5 landet och just hade g\u00e5tt i konkurs. Den kunskapen hade jag f\u00e5tt av min v\u00e4n, serief\u00f6rfattaren Patrik Stigzelius, som suttit i skolans styrelse. Patrik var en av redakt\u00f6rerna bakom det utm\u00e4rkta politiska och sj\u00e4lvbiografiska seriefanzinet <em>Asfalt<\/em>. N\u00e4r jag blev inbjuden att medverka p\u00e5 en utst\u00e4llning p\u00e5 Louisiana, presenterade jag en film som handlade om hans politiska engagemang. Den var framst\u00e4lld med super-8 kamera och gjorde nedslag i en politiskt aktiv ung mans vardag, med allt fr\u00e5n demonstration p\u00e5 1: a maj, medverkan i marxistisk studiecirkel, till promenader i Malm\u00f6s gamla industrihamn som just d\u00e5 h\u00f6ll p\u00e5 att rivas. Det var 1997. Tv\u00e5 \u00e5r innan jag blev inblandad i uppstarten av Serieskolan.  <\/p>\n\n\n\n<p>Att Kvarnby planerade att starta en seriekurs kom som en \u00f6verraskning. Men det hade inget med Patrik att g\u00f6ra, som jag f\u00f6rst misst\u00e4nkte. Han hade sedan l\u00e4nge l\u00e4mnat styrelsen. F\u00f6rklaringen l\u00e5g i st\u00e4llet i att skolan genomgick en ekonomisk rekonstruktion. Den beh\u00f6vde utvidga sitt kursutbud. Att de fastnat f\u00f6r serier berodde mycket p\u00e5 den uppm\u00e4rksamhet Malm\u00f6 f\u00e5tt med &#8220;seriestaden&#8221;. Den direkt utl\u00f6sande faktorn var Fredrik Str\u00f6mbergs kr\u00f6nikor om serier i tidningen <em>Arbetet<\/em>. Kursutvecklingsgruppens ordf\u00f6rande Hanse Henningsson hade kontaktat Fredrik och han tipsade om mig och  multitalangen Lars Magnar Enoksen, som brukade h\u00e5lla workshops i serieteckning p\u00e5 bibliotek runt om i Sk\u00e5ne. <\/p>\n\n\n\n<p>Jag var m\u00e5ttligt intresserad \u00e4nda tills Fredrik f\u00f6rklarade att skolan inte l\u00e5g ute p\u00e5 landet som jag trodde, utan hade en filial inne i stan, p\u00e5 Industrigatan n\u00e4ra V\u00e4rnhem. Seriekursen, om det nu blev n\u00e5gon s\u00e5dan, skulle i s\u00e5 fall hamna d\u00e4r. Det f\u00f6r\u00e4ndrade allt. <\/p>\n\n\n\n<p>Det strategiska v\u00e4rdet av en seriekurs mitt i &#8220;seriestaden&#8221; gick inte att underskatta och skulle inneb\u00e4ra arbetstillf\u00e4llen f\u00f6r b\u00e5de mig och mina kollegor. Om Serietecknarskolan i Hofors klarade av att locka studenter borde en liknande kurs i centrala Malm\u00f6 definitivt ha goda m\u00f6jligheter att g\u00f6ra detsamma. Om det bara gjordes p\u00e5 r\u00e4tt s\u00e4tt.<\/p>\n\n\n\n<figure class=\"wp-block-image size-large\"><img loading=\"lazy\" decoding=\"async\" width=\"700\" height=\"525\" src=\"https:\/\/gunnarkrantz.se\/wp-content\/uploads\/2023\/10\/redhous3-700x525.jpg\" alt=\"\" class=\"wp-image-3122\" srcset=\"https:\/\/gunnarkrantz.se\/wp-content\/uploads\/2023\/10\/redhous3-700x525.jpg 700w, https:\/\/gunnarkrantz.se\/wp-content\/uploads\/2023\/10\/redhous3-300x225.jpg 300w, https:\/\/gunnarkrantz.se\/wp-content\/uploads\/2023\/10\/redhous3-768x576.jpg 768w, https:\/\/gunnarkrantz.se\/wp-content\/uploads\/2023\/10\/redhous3-1536x1153.jpg 1536w, https:\/\/gunnarkrantz.se\/wp-content\/uploads\/2023\/10\/redhous3-1200x900.jpg 1200w, https:\/\/gunnarkrantz.se\/wp-content\/uploads\/2023\/10\/redhous3.jpg 1891w\" sizes=\"auto, (max-width: 700px) 100vw, 700px\" \/><figcaption>R\u00f6da huset p\u00e5 Industrigatan<\/figcaption><\/figure>\n\n\n\n<p>Kvarnby hyrde in sig i de tv\u00e5 \u00f6versta v\u00e5ningarna i en gammal skofabriken som passande nog gick under namnet R\u00f6da huset. De n\u00e4rmsta kvarteren upptogs av Mellersta Kyrkog\u00e5rden, Regiontrafikens bussparkering och St. Knuts v\u00e4g, p\u00e5 den tiden k\u00e4nt som Malm\u00f6s prostitutionsstr\u00e5k. De \u00f6vriga lokalerna hyrdes ut till en designbyr\u00e5, n\u00e5gra konstn\u00e4rer och n\u00e5gra kultur- och idrottsf\u00f6reningar. <\/p>\n\n\n\n<p>En skranglig frakthiss tog mig upp till fj\u00e4rde v\u00e5ningen d\u00e4r Hanse m\u00f6tte upp. Han var en v\u00e4nlig och trevlig man med mjukt och behagligt s\u00e4tt, som p\u00e5minde en hel del om mina f\u00f6r\u00e4ldrars radikala v\u00e4nner. En typisk 40-talist.  Vi gick till matsalen. Hanse h\u00e4llde upp  kaffe ur en kaffebryggare som stod och puttrade och b\u00f6rjade sedan ber\u00e4tta om tanken bakom folkh\u00f6gskolan och kursen. Han undrade hur mycket jag visset om folkbildningsr\u00f6relsen och jag kunde gl\u00e4dja honom med att jag sj\u00e4lv g\u00e5tt p\u00e5 folkh\u00f6gskola.<\/p>\n\n\n\n<p>Kvarnby var en skola som riktade in sig p\u00e5 m\u00e4nniskor med stora utmaningar, ber\u00e4ttade han. De hade kanske misslyckats med gymnasiet, eller Komvux och kanske till och med andra folkh\u00f6gskolor. P\u00e5 Kvarnbys allm\u00e4nna kurser fick de en ny chans och enligt Hanse lyckades m\u00e5nga nu ta sina betyg. Skolans filosofi var att st\u00e5 upp f\u00f6r de allra svagaste. De som ingen annan ville eller orkade bry sig om.<\/p>\n\n\n\n<p>Vid sidan om de allm\u00e4nna kurserna planerade skolan nu en kurs som skulle heta &#8220;Att f\u00f6r\u00e4ndra v\u00e4rlden&#8221;. Det skulle bli en avancerad politisk kurs, en plantskola f\u00f6r politiska aktivister och blivande politiker. H\u00e4r skulle de f\u00e5 en teoretisk duvning och politiska tr\u00e4ning. Men trots Kvarnbys n\u00e4ra kopplingar till V\u00e4nsterpartiet, var det ingen partiskola. Det var Hanse noga med att po\u00e4ngtera. Det var en frist\u00e5ende folkh\u00f6gskola, med egen styrelse.<\/p>\n\n\n\n<p>F\u00f6re konkursen hade skolan drivit en kurs i dokument\u00e4rfilm och hade anst\u00e4llt en filmare, som k\u00f6pt in en professionell videoutrustning, komplett med redigering, kameror, ljud och ljus. Filmaren hade nu f\u00e5tt sluta och utrustningen stod och samlade damm i ett f\u00f6rr\u00e5d. Den ingick i konkursboet och skulle avyttras. <\/p>\n\n\n\n<p>N\u00e5gon i kursutvecklingsgruppen hade kommit p\u00e5 att en kurs i serieteckning kanske vore billigare att driva. Men det fanns n\u00e5gra problem. Ett var att tecknade serier uppfattades som problematiska.  De var kommersiella, framst\u00e4llde USA-imperialistiskt perspektiv och hade ibland rent av fascistiska tendenser. Det fanns f\u00f6rst\u00e5s undantag. Serien <em>Bellman<\/em> i <em>Folket i bild<\/em>, <em>Felix<\/em> av Jan L\u00f6\u00f6f, Janne Lundstr\u00f6ms <em>Gerilla-serien<\/em> och Rune Andreassons <em>Lille Rickard och hans katt<\/em>. <\/p>\n\n\n\n<p>Man ville heller inte bli en kurs som riskerade att str\u00f6mlinjeforma unga tecknare f\u00f6r att f\u00f6rse f\u00f6rlagsbranschen med billig arbetskraft. Nej h\u00e4r handlade det om n\u00e5got annat, sa Hanse och plockade fram tre b\u00f6cker; <em>Historieboken<\/em> och <em>Sveriges Historia<\/em> fr\u00e5n Ordfront och Jan Myrdals bok om satir under 1800-talet. Kanske kunde kursen utg\u00e5 fr\u00e5n arbetarklassens egna ber\u00e4ttelser och politisk satir och i st\u00e4llet f\u00f6r serier kallas &#8220;folkligt ber\u00e4ttande&#8221; undrade han. Jag var tveksam.<\/p>\n\n\n\n<p>Efter kaffet gick vi p\u00e5 rundvandring och Hanse visade upp n\u00e5gra m\u00f6jliga undervisningslokaler p\u00e5 \u00f6versta v\u00e5ningen. Det var i stort sett inte mer \u00e4n en korridor med n\u00e5gra f\u00f6rr\u00e5d. Pr\u00e5ngiga utrymmen, helt utan f\u00f6nster och med sparsam belysning. Jag sa att ett vanligt klassrum nog vore att f\u00f6redra. Sedan ville han g\u00e4rna veta vad det beh\u00f6vdes f\u00f6r utrustning och vad denna skulle kunna t\u00e4nkas kosta. Han s\u00e5g p\u00e5tagligt l\u00e4ttad ut n\u00e4r jag f\u00f6rklarade att det enda som beh\u00f6vdes var stolar, bord och lampor. G\u00e4rna en kopiator med stegl\u00f6s zoomfunktion och en dator med scanner. Hanse lyste upp. Det var inga problem menade han. Stolar och bord fanns det gott om p\u00e5 skolan. Sedan visade han mig kopieringsrummet och den moderna multifunktionskopiatorn skolan leasade. Datorer har vi ocks\u00e5 sa han och tog mig till n\u00e4sta rum som var utrustat med ett 20-tal urgamla Macintosh Performadatorer. Sm\u00e5 burkar med svartvit sk\u00e4rm, 2 MB ram-minne och 40 MB h\u00e5rddisk, som skolan k\u00f6pt in n\u00e5gra \u00e5r tidigare. N\u00e5gon scanner hade de tyv\u00e4rr inte.<\/p>\n\n\n\n<p>Efter denna rundvandring satte vi oss ned i matsalen igen. Hanse undrade vad jag tyckte och om jag hade lust att skriva ett f\u00f6rslag till kursuppl\u00e4gg. Han skulle skicka kallelse till kursplaneringsgruppens kommande m\u00f6te. Jag l\u00e4mnade R\u00f6da huset med blandade k\u00e4nslor. Det som k\u00e4ndes bra var att de verkligen beh\u00f6vde f\u00e5 fram en kurs till h\u00f6sten. F\u00f6r att lyckas med det m\u00e5ste information om antagning ut under tidig v\u00e5r. Det gav ett visst handlingsutrymme. P\u00e5 minuskontot hamnade den ytterst oklara budgeten, hur de t\u00e4nkt kring anst\u00e4llning av l\u00e4rare, min roll i sammanhanget och inte minst det sedvanliga motst\u00e5ndet mot serierna. Var det verkligen en seriekurs de ville ha?<\/p>\n\n\n\n<p>(Forts\u00e4ttning f\u00f6ljer).<\/p>\n\n\n\n<p>Se f\u00f6reg\u00e5ende: <a href=\"https:\/\/gunnarkrantz.se\/?p=3079\" data-type=\"post\" data-id=\"3079\">1. Gr\u00f6na soffan<\/a><\/p>\n\n\n\n<p>N\u00e4sta: <a href=\"https:\/\/gunnarkrantz.se\/?p=3089\" data-type=\"post\" data-id=\"3089\">3. Den ideala serieskolan<\/a><\/p>\n","protected":false},"excerpt":{"rendered":"<p>Det lilla jag visste om Kvarnby Folkh\u00f6gskola v\u00e5ren 1999, var att den drevs av V\u00e4nsterpartiet, l\u00e5g ute p\u00e5 landet och just hade g\u00e5tt i konkurs. Den kunskapen hade jag f\u00e5tt av min v\u00e4n, serief\u00f6rfattaren Patrik Stigzelius, som suttit i skolans styrelse. Patrik var en av redakt\u00f6rerna bakom det utm\u00e4rkta politiska och sj\u00e4lvbiografiska seriefanzinet Asfalt. N\u00e4r [&hellip;]<\/p>\n","protected":false},"author":1,"featured_media":0,"comment_status":"closed","ping_status":"closed","sticky":false,"template":"","format":"standard","meta":{"footnotes":""},"categories":[21],"tags":[],"class_list":["post-3087","post","type-post","status-publish","format-standard","hentry","category-serieskolan-i-malmo-de-forsta-aren-2"],"_links":{"self":[{"href":"https:\/\/gunnarkrantz.se\/index.php?rest_route=\/wp\/v2\/posts\/3087","targetHints":{"allow":["GET"]}}],"collection":[{"href":"https:\/\/gunnarkrantz.se\/index.php?rest_route=\/wp\/v2\/posts"}],"about":[{"href":"https:\/\/gunnarkrantz.se\/index.php?rest_route=\/wp\/v2\/types\/post"}],"author":[{"embeddable":true,"href":"https:\/\/gunnarkrantz.se\/index.php?rest_route=\/wp\/v2\/users\/1"}],"replies":[{"embeddable":true,"href":"https:\/\/gunnarkrantz.se\/index.php?rest_route=%2Fwp%2Fv2%2Fcomments&post=3087"}],"version-history":[{"count":11,"href":"https:\/\/gunnarkrantz.se\/index.php?rest_route=\/wp\/v2\/posts\/3087\/revisions"}],"predecessor-version":[{"id":3153,"href":"https:\/\/gunnarkrantz.se\/index.php?rest_route=\/wp\/v2\/posts\/3087\/revisions\/3153"}],"wp:attachment":[{"href":"https:\/\/gunnarkrantz.se\/index.php?rest_route=%2Fwp%2Fv2%2Fmedia&parent=3087"}],"wp:term":[{"taxonomy":"category","embeddable":true,"href":"https:\/\/gunnarkrantz.se\/index.php?rest_route=%2Fwp%2Fv2%2Fcategories&post=3087"},{"taxonomy":"post_tag","embeddable":true,"href":"https:\/\/gunnarkrantz.se\/index.php?rest_route=%2Fwp%2Fv2%2Ftags&post=3087"}],"curies":[{"name":"wp","href":"https:\/\/api.w.org\/{rel}","templated":true}]}}